{"id":2298,"date":"2025-12-08T10:07:51","date_gmt":"2025-12-08T09:07:51","guid":{"rendered":"https:\/\/www.nature-conservation-ubfc.com\/emme\/?p=2298"},"modified":"2025-12-08T10:31:41","modified_gmt":"2025-12-08T09:31:41","slug":"visit-of-the-rnn-ile-du-girard","status":"publish","type":"post","link":"https:\/\/www.nature-conservation-ubfc.com\/emme\/en\/visit-of-the-rnn-ile-du-girard\/","title":{"rendered":"Visit of the RNN Ile du Girard 2025"},"content":{"rendered":"<p>On Friday, 5 December 2025, Master&rsquo;s 1 students visited the Ile du Girard National Nature Reserve in the northern Jura. Fr\u00e9d\u00e9ric Topin, the chief conservationist, emphasised the renaturation works carried out at the confluence of the Doubs and Loue rivers. These ecological engineering operations were carried out in 2017-2018 to restore freedom to the rivers, which had been dammed in the 1960s to protect villages from flooding and gain agricultural land.<\/p>\n<p>To improve their understanding of how the site has changed since the 1960s, the students used a sand model to simulate the different phases that have taken place. They then went to observe the Doubs-Loue confluence in the field.<\/p>\n<p>&nbsp;<\/p>\n<p><a href=\"https:\/\/www.nature-conservation-ubfc.com\/emme\/wp-content\/uploads\/sites\/4\/2025\/12\/20251204_144206-scaled.jpg\"><img loading=\"lazy\" decoding=\"async\" class=\"aligncenter wp-image-2310 size-large\" src=\"https:\/\/www.nature-conservation-ubfc.com\/emme\/wp-content\/uploads\/sites\/4\/2025\/12\/20251204_144206-768x1024.jpg\" alt=\"\" width=\"768\" height=\"1024\" \/><\/a><\/p>\n<p><a href=\"https:\/\/www.nature-conservation-ubfc.com\/emme\/wp-content\/uploads\/sites\/4\/2025\/12\/20251204_153948-1-scaled.jpg\"><img loading=\"lazy\" decoding=\"async\" class=\"aligncenter wp-image-2311 size-large\" src=\"https:\/\/www.nature-conservation-ubfc.com\/emme\/wp-content\/uploads\/sites\/4\/2025\/12\/20251204_153948-1-1024x768.jpg\" alt=\"\" width=\"1024\" height=\"768\" srcset=\"https:\/\/www.nature-conservation-ubfc.com\/emme\/wp-content\/uploads\/sites\/4\/2025\/12\/20251204_153948-1-980x735.jpg 980w, https:\/\/www.nature-conservation-ubfc.com\/emme\/wp-content\/uploads\/sites\/4\/2025\/12\/20251204_153948-1-480x360.jpg 480w\" sizes=\"(min-width: 0px) and (max-width: 480px) 480px, (min-width: 481px) and (max-width: 980px) 980px, (min-width: 981px) 1024px, 100vw\" \/><\/a><\/p>\n","protected":false},"excerpt":{"rendered":"<p>On Friday, 5 December 2025, Master&rsquo;s 1 students visited the Ile du Girard National Nature Reserve in the northern Jura. Fr\u00e9d\u00e9ric Topin, the chief conservationist, emphasised the renaturation works carried out at the confluence of the Doubs and Loue rivers. These ecological engineering operations were carried out in 2017-2018 to restore freedom to the rivers, [&hellip;]<\/p>\n","protected":false},"author":6,"featured_media":2309,"comment_status":"closed","ping_status":"closed","sticky":false,"template":"","format":"standard","meta":{"_et_pb_use_builder":"","_et_pb_old_content":"","_et_gb_content_width":"","footnotes":""},"categories":[89],"tags":[],"yoast_head":"<!-- This site is optimized with the Yoast SEO plugin v22.8 - https:\/\/yoast.com\/wordpress\/plugins\/seo\/ -->\n<title>Visit of the RNN Ile du Girard 2025 - EMME<\/title>\n<meta name=\"description\" content=\"Visite RNN Ile du Girard\" \/>\n<meta name=\"robots\" content=\"index, follow, max-snippet:-1, max-image-preview:large, max-video-preview:-1\" \/>\n<link rel=\"canonical\" href=\"https:\/\/www.nature-conservation-ubfc.com\/emme\/en\/visit-of-the-rnn-ile-du-girard\/\" \/>\n<meta property=\"og:locale\" content=\"fr_FR\" \/>\n<meta property=\"og:type\" content=\"article\" \/>\n<meta property=\"og:title\" content=\"Visit of the RNN Ile du Girard 2025 - EMME\" \/>\n<meta property=\"og:description\" content=\"Visite RNN Ile du Girard\" \/>\n<meta property=\"og:url\" content=\"https:\/\/www.nature-conservation-ubfc.com\/emme\/en\/visit-of-the-rnn-ile-du-girard\/\" \/>\n<meta property=\"og:site_name\" content=\"EMME\" \/>\n<meta property=\"article:published_time\" content=\"2025-12-08T09:07:51+00:00\" \/>\n<meta property=\"article:modified_time\" content=\"2025-12-08T09:31:41+00:00\" \/>\n<meta property=\"og:image\" content=\"https:\/\/www.nature-conservation-ubfc.com\/emme\/wp-content\/uploads\/sites\/4\/2025\/12\/20251204_140225-1-scaled-e1765186177979.jpg\" \/>\n\t<meta property=\"og:image:width\" content=\"1877\" \/>\n\t<meta property=\"og:image:height\" content=\"1446\" \/>\n\t<meta property=\"og:image:type\" content=\"image\/jpeg\" \/>\n<meta name=\"author\" content=\"rscheifler\" \/>\n<meta name=\"twitter:card\" content=\"summary_large_image\" \/>\n<meta name=\"twitter:label1\" content=\"\u00c9crit par\" \/>\n\t<meta name=\"twitter:data1\" content=\"rscheifler\" \/>\n\t<meta name=\"twitter:label2\" content=\"Dur\u00e9e de lecture estim\u00e9e\" \/>\n\t<meta name=\"twitter:data2\" content=\"2 minutes\" \/>\n<script type=\"application\/ld+json\" class=\"yoast-schema-graph\">{\"@context\":\"https:\/\/schema.org\",\"@graph\":[{\"@type\":\"WebPage\",\"@id\":\"https:\/\/www.nature-conservation-ubfc.com\/emme\/en\/visit-of-the-rnn-ile-du-girard\/\",\"url\":\"https:\/\/www.nature-conservation-ubfc.com\/emme\/en\/visit-of-the-rnn-ile-du-girard\/\",\"name\":\"Visit of the RNN Ile du Girard 2025 - EMME\",\"isPartOf\":{\"@id\":\"https:\/\/www.nature-conservation-ubfc.com\/emme\/#website\"},\"primaryImageOfPage\":{\"@id\":\"https:\/\/www.nature-conservation-ubfc.com\/emme\/en\/visit-of-the-rnn-ile-du-girard\/#primaryimage\"},\"image\":{\"@id\":\"https:\/\/www.nature-conservation-ubfc.com\/emme\/en\/visit-of-the-rnn-ile-du-girard\/#primaryimage\"},\"thumbnailUrl\":\"https:\/\/www.nature-conservation-ubfc.com\/emme\/wp-content\/uploads\/sites\/4\/2025\/12\/20251204_140225-1-scaled-e1765186177979.jpg\",\"datePublished\":\"2025-12-08T09:07:51+00:00\",\"dateModified\":\"2025-12-08T09:31:41+00:00\",\"author\":{\"@id\":\"https:\/\/www.nature-conservation-ubfc.com\/emme\/#\/schema\/person\/c9eba3aa377d5d37abfeda3545fc3a0a\"},\"description\":\"Visite RNN Ile du Girard\",\"breadcrumb\":{\"@id\":\"https:\/\/www.nature-conservation-ubfc.com\/emme\/en\/visit-of-the-rnn-ile-du-girard\/#breadcrumb\"},\"inLanguage\":\"fr-FR\",\"potentialAction\":[{\"@type\":\"ReadAction\",\"target\":[\"https:\/\/www.nature-conservation-ubfc.com\/emme\/en\/visit-of-the-rnn-ile-du-girard\/\"]}]},{\"@type\":\"ImageObject\",\"inLanguage\":\"fr-FR\",\"@id\":\"https:\/\/www.nature-conservation-ubfc.com\/emme\/en\/visit-of-the-rnn-ile-du-girard\/#primaryimage\",\"url\":\"https:\/\/www.nature-conservation-ubfc.com\/emme\/wp-content\/uploads\/sites\/4\/2025\/12\/20251204_140225-1-scaled-e1765186177979.jpg\",\"contentUrl\":\"https:\/\/www.nature-conservation-ubfc.com\/emme\/wp-content\/uploads\/sites\/4\/2025\/12\/20251204_140225-1-scaled-e1765186177979.jpg\",\"width\":1877,\"height\":1446},{\"@type\":\"BreadcrumbList\",\"@id\":\"https:\/\/www.nature-conservation-ubfc.com\/emme\/en\/visit-of-the-rnn-ile-du-girard\/#breadcrumb\",\"itemListElement\":[{\"@type\":\"ListItem\",\"position\":1,\"name\":\"Accueil\",\"item\":\"https:\/\/www.nature-conservation-ubfc.com\/emme\/fr\/\"},{\"@type\":\"ListItem\",\"position\":2,\"name\":\"Visit of the RNN Ile du Girard 2025\"}]},{\"@type\":\"WebSite\",\"@id\":\"https:\/\/www.nature-conservation-ubfc.com\/emme\/#website\",\"url\":\"https:\/\/www.nature-conservation-ubfc.com\/emme\/\",\"name\":\"EMME\",\"description\":\"\",\"potentialAction\":[{\"@type\":\"SearchAction\",\"target\":{\"@type\":\"EntryPoint\",\"urlTemplate\":\"https:\/\/www.nature-conservation-ubfc.com\/emme\/?s={search_term_string}\"},\"query-input\":\"required name=search_term_string\"}],\"inLanguage\":\"fr-FR\"},{\"@type\":\"Person\",\"@id\":\"https:\/\/www.nature-conservation-ubfc.com\/emme\/#\/schema\/person\/c9eba3aa377d5d37abfeda3545fc3a0a\",\"name\":\"rscheifler\",\"image\":{\"@type\":\"ImageObject\",\"inLanguage\":\"fr-FR\",\"@id\":\"https:\/\/www.nature-conservation-ubfc.com\/emme\/#\/schema\/person\/image\/\",\"url\":\"https:\/\/secure.gravatar.com\/avatar\/6517f3f13e26859434f55639b3aaf742?s=96&d=mm&r=g\",\"contentUrl\":\"https:\/\/secure.gravatar.com\/avatar\/6517f3f13e26859434f55639b3aaf742?s=96&d=mm&r=g\",\"caption\":\"rscheifler\"},\"url\":\"https:\/\/www.nature-conservation-ubfc.com\/emme\/author\/rscheifler\/\"}]}<\/script>\n<!-- \/ Yoast SEO plugin. -->","yoast_head_json":{"title":"Visit of the RNN Ile du Girard 2025 - EMME","description":"Visite RNN Ile du Girard","robots":{"index":"index","follow":"follow","max-snippet":"max-snippet:-1","max-image-preview":"max-image-preview:large","max-video-preview":"max-video-preview:-1"},"canonical":"https:\/\/www.nature-conservation-ubfc.com\/emme\/en\/visit-of-the-rnn-ile-du-girard\/","og_locale":"fr_FR","og_type":"article","og_title":"Visit of the RNN Ile du Girard 2025 - EMME","og_description":"Visite RNN Ile du Girard","og_url":"https:\/\/www.nature-conservation-ubfc.com\/emme\/en\/visit-of-the-rnn-ile-du-girard\/","og_site_name":"EMME","article_published_time":"2025-12-08T09:07:51+00:00","article_modified_time":"2025-12-08T09:31:41+00:00","og_image":[{"width":1877,"height":1446,"url":"https:\/\/www.nature-conservation-ubfc.com\/emme\/wp-content\/uploads\/sites\/4\/2025\/12\/20251204_140225-1-scaled-e1765186177979.jpg","type":"image\/jpeg"}],"author":"rscheifler","twitter_card":"summary_large_image","twitter_misc":{"\u00c9crit par":"rscheifler","Dur\u00e9e de lecture estim\u00e9e":"2 minutes"},"schema":{"@context":"https:\/\/schema.org","@graph":[{"@type":"WebPage","@id":"https:\/\/www.nature-conservation-ubfc.com\/emme\/en\/visit-of-the-rnn-ile-du-girard\/","url":"https:\/\/www.nature-conservation-ubfc.com\/emme\/en\/visit-of-the-rnn-ile-du-girard\/","name":"Visit of the RNN Ile du Girard 2025 - EMME","isPartOf":{"@id":"https:\/\/www.nature-conservation-ubfc.com\/emme\/#website"},"primaryImageOfPage":{"@id":"https:\/\/www.nature-conservation-ubfc.com\/emme\/en\/visit-of-the-rnn-ile-du-girard\/#primaryimage"},"image":{"@id":"https:\/\/www.nature-conservation-ubfc.com\/emme\/en\/visit-of-the-rnn-ile-du-girard\/#primaryimage"},"thumbnailUrl":"https:\/\/www.nature-conservation-ubfc.com\/emme\/wp-content\/uploads\/sites\/4\/2025\/12\/20251204_140225-1-scaled-e1765186177979.jpg","datePublished":"2025-12-08T09:07:51+00:00","dateModified":"2025-12-08T09:31:41+00:00","author":{"@id":"https:\/\/www.nature-conservation-ubfc.com\/emme\/#\/schema\/person\/c9eba3aa377d5d37abfeda3545fc3a0a"},"description":"Visite RNN Ile du Girard","breadcrumb":{"@id":"https:\/\/www.nature-conservation-ubfc.com\/emme\/en\/visit-of-the-rnn-ile-du-girard\/#breadcrumb"},"inLanguage":"fr-FR","potentialAction":[{"@type":"ReadAction","target":["https:\/\/www.nature-conservation-ubfc.com\/emme\/en\/visit-of-the-rnn-ile-du-girard\/"]}]},{"@type":"ImageObject","inLanguage":"fr-FR","@id":"https:\/\/www.nature-conservation-ubfc.com\/emme\/en\/visit-of-the-rnn-ile-du-girard\/#primaryimage","url":"https:\/\/www.nature-conservation-ubfc.com\/emme\/wp-content\/uploads\/sites\/4\/2025\/12\/20251204_140225-1-scaled-e1765186177979.jpg","contentUrl":"https:\/\/www.nature-conservation-ubfc.com\/emme\/wp-content\/uploads\/sites\/4\/2025\/12\/20251204_140225-1-scaled-e1765186177979.jpg","width":1877,"height":1446},{"@type":"BreadcrumbList","@id":"https:\/\/www.nature-conservation-ubfc.com\/emme\/en\/visit-of-the-rnn-ile-du-girard\/#breadcrumb","itemListElement":[{"@type":"ListItem","position":1,"name":"Accueil","item":"https:\/\/www.nature-conservation-ubfc.com\/emme\/fr\/"},{"@type":"ListItem","position":2,"name":"Visit of the RNN Ile du Girard 2025"}]},{"@type":"WebSite","@id":"https:\/\/www.nature-conservation-ubfc.com\/emme\/#website","url":"https:\/\/www.nature-conservation-ubfc.com\/emme\/","name":"EMME","description":"","potentialAction":[{"@type":"SearchAction","target":{"@type":"EntryPoint","urlTemplate":"https:\/\/www.nature-conservation-ubfc.com\/emme\/?s={search_term_string}"},"query-input":"required name=search_term_string"}],"inLanguage":"fr-FR"},{"@type":"Person","@id":"https:\/\/www.nature-conservation-ubfc.com\/emme\/#\/schema\/person\/c9eba3aa377d5d37abfeda3545fc3a0a","name":"rscheifler","image":{"@type":"ImageObject","inLanguage":"fr-FR","@id":"https:\/\/www.nature-conservation-ubfc.com\/emme\/#\/schema\/person\/image\/","url":"https:\/\/secure.gravatar.com\/avatar\/6517f3f13e26859434f55639b3aaf742?s=96&d=mm&r=g","contentUrl":"https:\/\/secure.gravatar.com\/avatar\/6517f3f13e26859434f55639b3aaf742?s=96&d=mm&r=g","caption":"rscheifler"},"url":"https:\/\/www.nature-conservation-ubfc.com\/emme\/author\/rscheifler\/"}]}},"_links":{"self":[{"href":"https:\/\/www.nature-conservation-ubfc.com\/emme\/wp-json\/wp\/v2\/posts\/2298"}],"collection":[{"href":"https:\/\/www.nature-conservation-ubfc.com\/emme\/wp-json\/wp\/v2\/posts"}],"about":[{"href":"https:\/\/www.nature-conservation-ubfc.com\/emme\/wp-json\/wp\/v2\/types\/post"}],"author":[{"embeddable":true,"href":"https:\/\/www.nature-conservation-ubfc.com\/emme\/wp-json\/wp\/v2\/users\/6"}],"replies":[{"embeddable":true,"href":"https:\/\/www.nature-conservation-ubfc.com\/emme\/wp-json\/wp\/v2\/comments?post=2298"}],"version-history":[{"count":7,"href":"https:\/\/www.nature-conservation-ubfc.com\/emme\/wp-json\/wp\/v2\/posts\/2298\/revisions"}],"predecessor-version":[{"id":2302,"href":"https:\/\/www.nature-conservation-ubfc.com\/emme\/wp-json\/wp\/v2\/posts\/2298\/revisions\/2302"}],"wp:featuredmedia":[{"embeddable":true,"href":"https:\/\/www.nature-conservation-ubfc.com\/emme\/wp-json\/wp\/v2\/media\/2309"}],"wp:attachment":[{"href":"https:\/\/www.nature-conservation-ubfc.com\/emme\/wp-json\/wp\/v2\/media?parent=2298"}],"wp:term":[{"taxonomy":"category","embeddable":true,"href":"https:\/\/www.nature-conservation-ubfc.com\/emme\/wp-json\/wp\/v2\/categories?post=2298"},{"taxonomy":"post_tag","embeddable":true,"href":"https:\/\/www.nature-conservation-ubfc.com\/emme\/wp-json\/wp\/v2\/tags?post=2298"}],"curies":[{"name":"wp","href":"https:\/\/api.w.org\/{rel}","templated":true}]}}