{"id":2293,"date":"2025-12-08T10:08:44","date_gmt":"2025-12-08T09:08:44","guid":{"rendered":"https:\/\/www.nature-conservation-ubfc.com\/emme\/?p=2293"},"modified":"2025-12-08T10:15:11","modified_gmt":"2025-12-08T09:15:11","slug":"visite-rnn-ile-du-girard","status":"publish","type":"post","link":"https:\/\/www.nature-conservation-ubfc.com\/emme\/fr\/visite-rnn-ile-du-girard\/","title":{"rendered":"Visite RNN Ile du Girard 2025"},"content":{"rendered":"<p>Ce vendredi 5 d\u00e9cembre 2025 les \u00e9tudiant.e.s de Master 1 ont visit\u00e9 la R\u00e9serve naturelle nationale de l\u2019Ile du Girard, dans le Nord du Jura. L\u2019accent a \u00e9t\u00e9 mis par Fr\u00e9d\u00e9ric Topin, le conservateur, sur les travaux de renaturation de la confluence Doubs-Loue. Ces op\u00e9rations d\u2019ing\u00e9nierie \u00e9cologique ont \u00e9t\u00e9 r\u00e9alis\u00e9es en 2017-2018 pour redonner un espace de libert\u00e9 aux rivi\u00e8res qui avaient \u00e9t\u00e9 endigu\u00e9es dans les ann\u00e9es 60 pour prot\u00e9ger les villages des inondations et gagner des terres agricoles.<\/p>\n<p>Pour am\u00e9liorer leur perception de l\u2019\u00e9volution du site depuis les ann\u00e9es 60, les \u00e9tudiant.e.s ont simul\u00e9 sur un mod\u00e8le r\u00e9duit en sable les diff\u00e9rentes phases qui se sont succ\u00e9d\u00e9es. Ils sont ensuite all\u00e9s observer la confluence Doubs-Loue sur le terrain.<\/p>\n<p><a href=\"https:\/\/www.nature-conservation-ubfc.com\/emme\/wp-content\/uploads\/sites\/4\/2025\/12\/20251204_140225-scaled.jpg\"><img loading=\"lazy\" decoding=\"async\" class=\"aligncenter wp-image-2294 size-large\" src=\"https:\/\/www.nature-conservation-ubfc.com\/emme\/wp-content\/uploads\/sites\/4\/2025\/12\/20251204_140225-768x1024.jpg\" alt=\"\" width=\"768\" height=\"1024\" \/><\/a><a href=\"https:\/\/www.nature-conservation-ubfc.com\/emme\/wp-content\/uploads\/sites\/4\/2025\/12\/20251204_153948-scaled.jpg\"><img loading=\"lazy\" decoding=\"async\" class=\"aligncenter wp-image-2296 size-large\" src=\"https:\/\/www.nature-conservation-ubfc.com\/emme\/wp-content\/uploads\/sites\/4\/2025\/12\/20251204_153948-1024x768.jpg\" alt=\"\" width=\"1024\" height=\"768\" srcset=\"https:\/\/www.nature-conservation-ubfc.com\/emme\/wp-content\/uploads\/sites\/4\/2025\/12\/20251204_153948-980x735.jpg 980w, https:\/\/www.nature-conservation-ubfc.com\/emme\/wp-content\/uploads\/sites\/4\/2025\/12\/20251204_153948-480x360.jpg 480w\" sizes=\"(min-width: 0px) and (max-width: 480px) 480px, (min-width: 481px) and (max-width: 980px) 980px, (min-width: 981px) 1024px, 100vw\" \/><\/a><\/p>\n","protected":false},"excerpt":{"rendered":"<p>Ce vendredi 5 d\u00e9cembre 2025 les \u00e9tudiant.e.s de Master 1 ont visit\u00e9 la R\u00e9serve naturelle nationale de l\u2019Ile du Girard, dans le Nord du Jura. L\u2019accent a \u00e9t\u00e9 mis par Fr\u00e9d\u00e9ric Topin, le conservateur, sur les travaux de renaturation de la confluence Doubs-Loue. Ces op\u00e9rations d\u2019ing\u00e9nierie \u00e9cologique ont \u00e9t\u00e9 r\u00e9alis\u00e9es en 2017-2018 pour redonner un [&hellip;]<\/p>\n","protected":false},"author":6,"featured_media":2295,"comment_status":"closed","ping_status":"closed","sticky":false,"template":"","format":"standard","meta":{"_et_pb_use_builder":"","_et_pb_old_content":"","_et_gb_content_width":"","footnotes":""},"categories":[54],"tags":[],"yoast_head":"<!-- This site is optimized with the Yoast SEO plugin v22.8 - https:\/\/yoast.com\/wordpress\/plugins\/seo\/ -->\n<title>Visite RNN Ile du Girard 2025 - EMME<\/title>\n<meta name=\"description\" content=\"Visite RNN Ile du Girard\" \/>\n<meta name=\"robots\" content=\"index, follow, max-snippet:-1, max-image-preview:large, max-video-preview:-1\" \/>\n<link rel=\"canonical\" href=\"https:\/\/www.nature-conservation-ubfc.com\/emme\/fr\/visite-rnn-ile-du-girard\/\" \/>\n<meta property=\"og:locale\" content=\"fr_FR\" \/>\n<meta property=\"og:type\" content=\"article\" \/>\n<meta property=\"og:title\" content=\"Visite RNN Ile du Girard 2025 - EMME\" \/>\n<meta property=\"og:description\" content=\"Visite RNN Ile du Girard\" \/>\n<meta property=\"og:url\" content=\"https:\/\/www.nature-conservation-ubfc.com\/emme\/fr\/visite-rnn-ile-du-girard\/\" \/>\n<meta property=\"og:site_name\" content=\"EMME\" \/>\n<meta property=\"article:published_time\" content=\"2025-12-08T09:08:44+00:00\" \/>\n<meta property=\"article:modified_time\" content=\"2025-12-08T09:15:11+00:00\" \/>\n<meta property=\"og:image\" content=\"https:\/\/www.nature-conservation-ubfc.com\/emme\/wp-content\/uploads\/sites\/4\/2025\/12\/20251204_140949-scaled-e1765185289452.jpg\" \/>\n\t<meta property=\"og:image:width\" content=\"1920\" \/>\n\t<meta property=\"og:image:height\" content=\"1898\" \/>\n\t<meta property=\"og:image:type\" content=\"image\/jpeg\" \/>\n<meta name=\"author\" content=\"rscheifler\" \/>\n<meta name=\"twitter:card\" content=\"summary_large_image\" \/>\n<meta name=\"twitter:label1\" content=\"\u00c9crit par\" \/>\n\t<meta name=\"twitter:data1\" content=\"rscheifler\" \/>\n\t<meta name=\"twitter:label2\" content=\"Dur\u00e9e de lecture estim\u00e9e\" \/>\n\t<meta name=\"twitter:data2\" content=\"2 minutes\" \/>\n<script type=\"application\/ld+json\" class=\"yoast-schema-graph\">{\"@context\":\"https:\/\/schema.org\",\"@graph\":[{\"@type\":\"WebPage\",\"@id\":\"https:\/\/www.nature-conservation-ubfc.com\/emme\/fr\/visite-rnn-ile-du-girard\/\",\"url\":\"https:\/\/www.nature-conservation-ubfc.com\/emme\/fr\/visite-rnn-ile-du-girard\/\",\"name\":\"Visite RNN Ile du Girard 2025 - EMME\",\"isPartOf\":{\"@id\":\"https:\/\/www.nature-conservation-ubfc.com\/emme\/#website\"},\"primaryImageOfPage\":{\"@id\":\"https:\/\/www.nature-conservation-ubfc.com\/emme\/fr\/visite-rnn-ile-du-girard\/#primaryimage\"},\"image\":{\"@id\":\"https:\/\/www.nature-conservation-ubfc.com\/emme\/fr\/visite-rnn-ile-du-girard\/#primaryimage\"},\"thumbnailUrl\":\"https:\/\/www.nature-conservation-ubfc.com\/emme\/wp-content\/uploads\/sites\/4\/2025\/12\/20251204_140949-scaled-e1765185289452.jpg\",\"datePublished\":\"2025-12-08T09:08:44+00:00\",\"dateModified\":\"2025-12-08T09:15:11+00:00\",\"author\":{\"@id\":\"https:\/\/www.nature-conservation-ubfc.com\/emme\/#\/schema\/person\/c9eba3aa377d5d37abfeda3545fc3a0a\"},\"description\":\"Visite RNN Ile du Girard\",\"breadcrumb\":{\"@id\":\"https:\/\/www.nature-conservation-ubfc.com\/emme\/fr\/visite-rnn-ile-du-girard\/#breadcrumb\"},\"inLanguage\":\"fr-FR\",\"potentialAction\":[{\"@type\":\"ReadAction\",\"target\":[\"https:\/\/www.nature-conservation-ubfc.com\/emme\/fr\/visite-rnn-ile-du-girard\/\"]}]},{\"@type\":\"ImageObject\",\"inLanguage\":\"fr-FR\",\"@id\":\"https:\/\/www.nature-conservation-ubfc.com\/emme\/fr\/visite-rnn-ile-du-girard\/#primaryimage\",\"url\":\"https:\/\/www.nature-conservation-ubfc.com\/emme\/wp-content\/uploads\/sites\/4\/2025\/12\/20251204_140949-scaled-e1765185289452.jpg\",\"contentUrl\":\"https:\/\/www.nature-conservation-ubfc.com\/emme\/wp-content\/uploads\/sites\/4\/2025\/12\/20251204_140949-scaled-e1765185289452.jpg\",\"width\":1920,\"height\":1898},{\"@type\":\"BreadcrumbList\",\"@id\":\"https:\/\/www.nature-conservation-ubfc.com\/emme\/fr\/visite-rnn-ile-du-girard\/#breadcrumb\",\"itemListElement\":[{\"@type\":\"ListItem\",\"position\":1,\"name\":\"Accueil\",\"item\":\"https:\/\/www.nature-conservation-ubfc.com\/emme\/fr\/\"},{\"@type\":\"ListItem\",\"position\":2,\"name\":\"Visite RNN Ile du Girard 2025\"}]},{\"@type\":\"WebSite\",\"@id\":\"https:\/\/www.nature-conservation-ubfc.com\/emme\/#website\",\"url\":\"https:\/\/www.nature-conservation-ubfc.com\/emme\/\",\"name\":\"EMME\",\"description\":\"\",\"potentialAction\":[{\"@type\":\"SearchAction\",\"target\":{\"@type\":\"EntryPoint\",\"urlTemplate\":\"https:\/\/www.nature-conservation-ubfc.com\/emme\/?s={search_term_string}\"},\"query-input\":\"required name=search_term_string\"}],\"inLanguage\":\"fr-FR\"},{\"@type\":\"Person\",\"@id\":\"https:\/\/www.nature-conservation-ubfc.com\/emme\/#\/schema\/person\/c9eba3aa377d5d37abfeda3545fc3a0a\",\"name\":\"rscheifler\",\"image\":{\"@type\":\"ImageObject\",\"inLanguage\":\"fr-FR\",\"@id\":\"https:\/\/www.nature-conservation-ubfc.com\/emme\/#\/schema\/person\/image\/\",\"url\":\"https:\/\/secure.gravatar.com\/avatar\/6517f3f13e26859434f55639b3aaf742?s=96&d=mm&r=g\",\"contentUrl\":\"https:\/\/secure.gravatar.com\/avatar\/6517f3f13e26859434f55639b3aaf742?s=96&d=mm&r=g\",\"caption\":\"rscheifler\"},\"url\":\"https:\/\/www.nature-conservation-ubfc.com\/emme\/author\/rscheifler\/\"}]}<\/script>\n<!-- \/ Yoast SEO plugin. -->","yoast_head_json":{"title":"Visite RNN Ile du Girard 2025 - EMME","description":"Visite RNN Ile du Girard","robots":{"index":"index","follow":"follow","max-snippet":"max-snippet:-1","max-image-preview":"max-image-preview:large","max-video-preview":"max-video-preview:-1"},"canonical":"https:\/\/www.nature-conservation-ubfc.com\/emme\/fr\/visite-rnn-ile-du-girard\/","og_locale":"fr_FR","og_type":"article","og_title":"Visite RNN Ile du Girard 2025 - EMME","og_description":"Visite RNN Ile du Girard","og_url":"https:\/\/www.nature-conservation-ubfc.com\/emme\/fr\/visite-rnn-ile-du-girard\/","og_site_name":"EMME","article_published_time":"2025-12-08T09:08:44+00:00","article_modified_time":"2025-12-08T09:15:11+00:00","og_image":[{"width":1920,"height":1898,"url":"https:\/\/www.nature-conservation-ubfc.com\/emme\/wp-content\/uploads\/sites\/4\/2025\/12\/20251204_140949-scaled-e1765185289452.jpg","type":"image\/jpeg"}],"author":"rscheifler","twitter_card":"summary_large_image","twitter_misc":{"\u00c9crit par":"rscheifler","Dur\u00e9e de lecture estim\u00e9e":"2 minutes"},"schema":{"@context":"https:\/\/schema.org","@graph":[{"@type":"WebPage","@id":"https:\/\/www.nature-conservation-ubfc.com\/emme\/fr\/visite-rnn-ile-du-girard\/","url":"https:\/\/www.nature-conservation-ubfc.com\/emme\/fr\/visite-rnn-ile-du-girard\/","name":"Visite RNN Ile du Girard 2025 - EMME","isPartOf":{"@id":"https:\/\/www.nature-conservation-ubfc.com\/emme\/#website"},"primaryImageOfPage":{"@id":"https:\/\/www.nature-conservation-ubfc.com\/emme\/fr\/visite-rnn-ile-du-girard\/#primaryimage"},"image":{"@id":"https:\/\/www.nature-conservation-ubfc.com\/emme\/fr\/visite-rnn-ile-du-girard\/#primaryimage"},"thumbnailUrl":"https:\/\/www.nature-conservation-ubfc.com\/emme\/wp-content\/uploads\/sites\/4\/2025\/12\/20251204_140949-scaled-e1765185289452.jpg","datePublished":"2025-12-08T09:08:44+00:00","dateModified":"2025-12-08T09:15:11+00:00","author":{"@id":"https:\/\/www.nature-conservation-ubfc.com\/emme\/#\/schema\/person\/c9eba3aa377d5d37abfeda3545fc3a0a"},"description":"Visite RNN Ile du Girard","breadcrumb":{"@id":"https:\/\/www.nature-conservation-ubfc.com\/emme\/fr\/visite-rnn-ile-du-girard\/#breadcrumb"},"inLanguage":"fr-FR","potentialAction":[{"@type":"ReadAction","target":["https:\/\/www.nature-conservation-ubfc.com\/emme\/fr\/visite-rnn-ile-du-girard\/"]}]},{"@type":"ImageObject","inLanguage":"fr-FR","@id":"https:\/\/www.nature-conservation-ubfc.com\/emme\/fr\/visite-rnn-ile-du-girard\/#primaryimage","url":"https:\/\/www.nature-conservation-ubfc.com\/emme\/wp-content\/uploads\/sites\/4\/2025\/12\/20251204_140949-scaled-e1765185289452.jpg","contentUrl":"https:\/\/www.nature-conservation-ubfc.com\/emme\/wp-content\/uploads\/sites\/4\/2025\/12\/20251204_140949-scaled-e1765185289452.jpg","width":1920,"height":1898},{"@type":"BreadcrumbList","@id":"https:\/\/www.nature-conservation-ubfc.com\/emme\/fr\/visite-rnn-ile-du-girard\/#breadcrumb","itemListElement":[{"@type":"ListItem","position":1,"name":"Accueil","item":"https:\/\/www.nature-conservation-ubfc.com\/emme\/fr\/"},{"@type":"ListItem","position":2,"name":"Visite RNN Ile du Girard 2025"}]},{"@type":"WebSite","@id":"https:\/\/www.nature-conservation-ubfc.com\/emme\/#website","url":"https:\/\/www.nature-conservation-ubfc.com\/emme\/","name":"EMME","description":"","potentialAction":[{"@type":"SearchAction","target":{"@type":"EntryPoint","urlTemplate":"https:\/\/www.nature-conservation-ubfc.com\/emme\/?s={search_term_string}"},"query-input":"required name=search_term_string"}],"inLanguage":"fr-FR"},{"@type":"Person","@id":"https:\/\/www.nature-conservation-ubfc.com\/emme\/#\/schema\/person\/c9eba3aa377d5d37abfeda3545fc3a0a","name":"rscheifler","image":{"@type":"ImageObject","inLanguage":"fr-FR","@id":"https:\/\/www.nature-conservation-ubfc.com\/emme\/#\/schema\/person\/image\/","url":"https:\/\/secure.gravatar.com\/avatar\/6517f3f13e26859434f55639b3aaf742?s=96&d=mm&r=g","contentUrl":"https:\/\/secure.gravatar.com\/avatar\/6517f3f13e26859434f55639b3aaf742?s=96&d=mm&r=g","caption":"rscheifler"},"url":"https:\/\/www.nature-conservation-ubfc.com\/emme\/author\/rscheifler\/"}]}},"_links":{"self":[{"href":"https:\/\/www.nature-conservation-ubfc.com\/emme\/wp-json\/wp\/v2\/posts\/2293"}],"collection":[{"href":"https:\/\/www.nature-conservation-ubfc.com\/emme\/wp-json\/wp\/v2\/posts"}],"about":[{"href":"https:\/\/www.nature-conservation-ubfc.com\/emme\/wp-json\/wp\/v2\/types\/post"}],"author":[{"embeddable":true,"href":"https:\/\/www.nature-conservation-ubfc.com\/emme\/wp-json\/wp\/v2\/users\/6"}],"replies":[{"embeddable":true,"href":"https:\/\/www.nature-conservation-ubfc.com\/emme\/wp-json\/wp\/v2\/comments?post=2293"}],"version-history":[{"count":4,"href":"https:\/\/www.nature-conservation-ubfc.com\/emme\/wp-json\/wp\/v2\/posts\/2293\/revisions"}],"predecessor-version":[{"id":2305,"href":"https:\/\/www.nature-conservation-ubfc.com\/emme\/wp-json\/wp\/v2\/posts\/2293\/revisions\/2305"}],"wp:featuredmedia":[{"embeddable":true,"href":"https:\/\/www.nature-conservation-ubfc.com\/emme\/wp-json\/wp\/v2\/media\/2295"}],"wp:attachment":[{"href":"https:\/\/www.nature-conservation-ubfc.com\/emme\/wp-json\/wp\/v2\/media?parent=2293"}],"wp:term":[{"taxonomy":"category","embeddable":true,"href":"https:\/\/www.nature-conservation-ubfc.com\/emme\/wp-json\/wp\/v2\/categories?post=2293"},{"taxonomy":"post_tag","embeddable":true,"href":"https:\/\/www.nature-conservation-ubfc.com\/emme\/wp-json\/wp\/v2\/tags?post=2293"}],"curies":[{"name":"wp","href":"https:\/\/api.w.org\/{rel}","templated":true}]}}