{"id":2187,"date":"2023-01-29T20:31:07","date_gmt":"2023-01-29T19:31:07","guid":{"rendered":"https:\/\/www.nature-conservation-ubfc.com\/emme\/?p=2187"},"modified":"2023-02-01T10:15:54","modified_gmt":"2023-02-01T09:15:54","slug":"m2-botany-field-session-2022","status":"publish","type":"post","link":"https:\/\/www.nature-conservation-ubfc.com\/emme\/en\/m2-botany-field-session-2022\/","title":{"rendered":"M2 Botany Field Session 2022"},"content":{"rendered":"<p>December 2022 &#8211; As part of the EMME Master&rsquo;s programme, three M2 students enrolled in the specialisation course in botanical taxonomy, Alisa Shakurova, Kevin Potter and Marius Pavat, went to study Mediterranean vegetation directly in the field between 28 November and 3 December 2022 under the supervision of Julien Azuara. To do so, the students went to the village of Saint-Guilhem-le-D\u00e9sert, 35kms north of Montpellier in the H\u00e9rault department, a medieval village classified among the most beautiful in France, which attracts many tourists every year to visit its 9th century abbey or to hike on the St-James trail.<\/p>\n<p style=\"text-align: center\"><a href=\"https:\/\/www.nature-conservation-ubfc.com\/emme\/wp-content\/uploads\/sites\/4\/2023\/01\/Moureze-Cirque-1-scaled.jpg\"><img loading=\"lazy\" decoding=\"async\" class=\"aligncenter size-full wp-image-2181\" src=\"https:\/\/www.nature-conservation-ubfc.com\/emme\/wp-content\/uploads\/sites\/4\/2023\/01\/Moureze-Cirque-1-scaled.jpg\" alt=\"\" width=\"2560\" height=\"1920\" srcset=\"https:\/\/www.nature-conservation-ubfc.com\/emme\/wp-content\/uploads\/sites\/4\/2023\/01\/Moureze-Cirque-1-scaled.jpg 2560w, https:\/\/www.nature-conservation-ubfc.com\/emme\/wp-content\/uploads\/sites\/4\/2023\/01\/Moureze-Cirque-1-1280x960.jpg 1280w, https:\/\/www.nature-conservation-ubfc.com\/emme\/wp-content\/uploads\/sites\/4\/2023\/01\/Moureze-Cirque-1-980x735.jpg 980w, https:\/\/www.nature-conservation-ubfc.com\/emme\/wp-content\/uploads\/sites\/4\/2023\/01\/Moureze-Cirque-1-480x360.jpg 480w\" sizes=\"(min-width: 0px) and (max-width: 480px) 480px, (min-width: 481px) and (max-width: 980px) 980px, (min-width: 981px) and (max-width: 1280px) 1280px, (min-width: 1281px) 2560px, 100vw\" \/><\/a>Mour\u00e8ze Cirque<\/p>\n<p style=\"text-align: center\"><a href=\"https:\/\/www.nature-conservation-ubfc.com\/emme\/wp-content\/uploads\/sites\/4\/2023\/01\/250-million-year-old-dessication-cracks-near-the-Salagou-lake-1-scaled.jpg\"><img loading=\"lazy\" decoding=\"async\" class=\"aligncenter size-full wp-image-2176\" src=\"https:\/\/www.nature-conservation-ubfc.com\/emme\/wp-content\/uploads\/sites\/4\/2023\/01\/250-million-year-old-dessication-cracks-near-the-Salagou-lake-1-scaled.jpg\" alt=\"\" width=\"2560\" height=\"1920\" srcset=\"https:\/\/www.nature-conservation-ubfc.com\/emme\/wp-content\/uploads\/sites\/4\/2023\/01\/250-million-year-old-dessication-cracks-near-the-Salagou-lake-1-scaled.jpg 2560w, https:\/\/www.nature-conservation-ubfc.com\/emme\/wp-content\/uploads\/sites\/4\/2023\/01\/250-million-year-old-dessication-cracks-near-the-Salagou-lake-1-1280x960.jpg 1280w, https:\/\/www.nature-conservation-ubfc.com\/emme\/wp-content\/uploads\/sites\/4\/2023\/01\/250-million-year-old-dessication-cracks-near-the-Salagou-lake-1-980x735.jpg 980w, https:\/\/www.nature-conservation-ubfc.com\/emme\/wp-content\/uploads\/sites\/4\/2023\/01\/250-million-year-old-dessication-cracks-near-the-Salagou-lake-1-480x360.jpg 480w\" sizes=\"(min-width: 0px) and (max-width: 480px) 480px, (min-width: 481px) and (max-width: 980px) 980px, (min-width: 981px) and (max-width: 1280px) 1280px, (min-width: 1281px) 2560px, 100vw\" \/><\/a>250 million year old drying cracks near Lake Salagou<\/p>\n<p>Moreover, this place is distinguished by its topographical context: situated between the foothills of the Cevennes, the gorges of the H\u00e9rault and the Garrigue of the Languedoc plains, St-Guilhem is characterised by a rugged relief which allows a great diversity of habitats to be gathered under the influence of the Mediterranean climate. In this region, it is possible to find, among others, numerous cliffs, caves and alluvial systems. The M2 students carried out their surveys in the forest of Pinus nigra subsp. Salzmanii, an emblematic species of the region and one of the few endangered trees in France, whose largest population is found in the forest of St-Guilhem. They also surveyed the scrubland and dry pastures where aromatic herbs (Thymus vulgaris, Rosemarinus officinalis, Origanum vulgare) mingle with fruit trees (Arbutus unedo, Pyrus spinosa, Punica granatum) and dense thorny bushes (Juniperus oxycedrus, Quercus coccifera, Genista scorpius).\u00a0They carried out surveys around the Salagou lake, about 25kms west of St-Guilhem where the clayey rocks, tinted red by iron oxides, give the landscape a Martian tone; and finally in the Cirque de Mour\u00e8ze where they ventured into a maze of dolomitic limestone.<\/p>\n<p style=\"text-align: center\"><a href=\"https:\/\/www.nature-conservation-ubfc.com\/emme\/wp-content\/uploads\/sites\/4\/2023\/01\/Sunset-on-St-Guilhem-castle-1.jpg\"><img loading=\"lazy\" decoding=\"async\" class=\"aligncenter size-full wp-image-2185\" src=\"https:\/\/www.nature-conservation-ubfc.com\/emme\/wp-content\/uploads\/sites\/4\/2023\/01\/Sunset-on-St-Guilhem-castle-1.jpg\" alt=\"\" width=\"1000\" height=\"667\" srcset=\"https:\/\/www.nature-conservation-ubfc.com\/emme\/wp-content\/uploads\/sites\/4\/2023\/01\/Sunset-on-St-Guilhem-castle-1.jpg 1000w, https:\/\/www.nature-conservation-ubfc.com\/emme\/wp-content\/uploads\/sites\/4\/2023\/01\/Sunset-on-St-Guilhem-castle-1-980x654.jpg 980w, https:\/\/www.nature-conservation-ubfc.com\/emme\/wp-content\/uploads\/sites\/4\/2023\/01\/Sunset-on-St-Guilhem-castle-1-480x320.jpg 480w\" sizes=\"(min-width: 0px) and (max-width: 480px) 480px, (min-width: 481px) and (max-width: 980px) 980px, (min-width: 981px) 1000px, 100vw\" \/><\/a>Salzmann pines on a nothern slope near St-Guilhem<\/p>\n<p style=\"text-align: center\" align=\"JUSTIFY\"><a href=\"https:\/\/www.nature-conservation-ubfc.com\/emme\/wp-content\/uploads\/sites\/4\/2023\/01\/Fruits-of-the-Strawberry-tree-Arbutus-unedo-1.jpg\"><img loading=\"lazy\" decoding=\"async\" class=\"aligncenter size-full wp-image-2179\" src=\"https:\/\/www.nature-conservation-ubfc.com\/emme\/wp-content\/uploads\/sites\/4\/2023\/01\/Fruits-of-the-Strawberry-tree-Arbutus-unedo-1.jpg\" alt=\"\" width=\"600\" height=\"400\" srcset=\"https:\/\/www.nature-conservation-ubfc.com\/emme\/wp-content\/uploads\/sites\/4\/2023\/01\/Fruits-of-the-Strawberry-tree-Arbutus-unedo-1.jpg 600w, https:\/\/www.nature-conservation-ubfc.com\/emme\/wp-content\/uploads\/sites\/4\/2023\/01\/Fruits-of-the-Strawberry-tree-Arbutus-unedo-1-480x320.jpg 480w\" sizes=\"(min-width: 0px) and (max-width: 480px) 480px, (min-width: 481px) 600px, 100vw\" \/><\/a> Arbutus unedo<\/p>\n<p style=\"text-align: center\" align=\"JUSTIFY\"><a href=\"https:\/\/www.nature-conservation-ubfc.com\/emme\/wp-content\/uploads\/sites\/4\/2023\/01\/Wild-pear-treevPyrus-spinosa-1-scaled.jpg\"><img loading=\"lazy\" decoding=\"async\" class=\"aligncenter size-full wp-image-2186\" src=\"https:\/\/www.nature-conservation-ubfc.com\/emme\/wp-content\/uploads\/sites\/4\/2023\/01\/Wild-pear-treevPyrus-spinosa-1-scaled.jpg\" alt=\"\" width=\"2560\" height=\"1920\" srcset=\"https:\/\/www.nature-conservation-ubfc.com\/emme\/wp-content\/uploads\/sites\/4\/2023\/01\/Wild-pear-treevPyrus-spinosa-1-scaled.jpg 2560w, https:\/\/www.nature-conservation-ubfc.com\/emme\/wp-content\/uploads\/sites\/4\/2023\/01\/Wild-pear-treevPyrus-spinosa-1-1280x960.jpg 1280w, https:\/\/www.nature-conservation-ubfc.com\/emme\/wp-content\/uploads\/sites\/4\/2023\/01\/Wild-pear-treevPyrus-spinosa-1-980x735.jpg 980w, https:\/\/www.nature-conservation-ubfc.com\/emme\/wp-content\/uploads\/sites\/4\/2023\/01\/Wild-pear-treevPyrus-spinosa-1-480x360.jpg 480w\" sizes=\"(min-width: 0px) and (max-width: 480px) 480px, (min-width: 481px) and (max-width: 980px) 980px, (min-width: 981px) and (max-width: 1280px) 1280px, (min-width: 1281px) 2560px, 100vw\" \/><\/a>Pyrus spinosa<\/p>\n<p style=\"text-align: center\" align=\"JUSTIFY\"><a href=\"https:\/\/www.nature-conservation-ubfc.com\/emme\/wp-content\/uploads\/sites\/4\/2023\/01\/Phoenicean-juniper-Juniperus-phoenica-1.jpg\"><img loading=\"lazy\" decoding=\"async\" class=\"aligncenter size-full wp-image-2182\" src=\"https:\/\/www.nature-conservation-ubfc.com\/emme\/wp-content\/uploads\/sites\/4\/2023\/01\/Phoenicean-juniper-Juniperus-phoenica-1.jpg\" alt=\"\" width=\"900\" height=\"600\" srcset=\"https:\/\/www.nature-conservation-ubfc.com\/emme\/wp-content\/uploads\/sites\/4\/2023\/01\/Phoenicean-juniper-Juniperus-phoenica-1.jpg 900w, https:\/\/www.nature-conservation-ubfc.com\/emme\/wp-content\/uploads\/sites\/4\/2023\/01\/Phoenicean-juniper-Juniperus-phoenica-1-480x320.jpg 480w\" sizes=\"(min-width: 0px) and (max-width: 480px) 480px, (min-width: 481px) 900px, 100vw\" \/><\/a>Phoenicean juniper (Juniperus phoenica)<\/p>\n<p align=\"JUSTIFY\">This impressive diversity of habitats in a small area allowed the M2 students to visit in only 4 days: 5 ZNIEFF, a biological reserve and a Natura 2000 area. They travelled about 40 km through Mediterranean landscapes, carried out 12 sampling points and observed more than 180 different species, some of which were remarkable, such as Centranthus lecoqii or Iberis intermedia.<\/p>\n<p style=\"text-align: center\" align=\"JUSTIFY\"><a href=\"https:\/\/www.nature-conservation-ubfc.com\/emme\/wp-content\/uploads\/sites\/4\/2023\/01\/Erica-multiflora-1.jpg\"><img loading=\"lazy\" decoding=\"async\" class=\"aligncenter size-full wp-image-2178\" src=\"https:\/\/www.nature-conservation-ubfc.com\/emme\/wp-content\/uploads\/sites\/4\/2023\/01\/Erica-multiflora-1.jpg\" alt=\"\" width=\"1000\" height=\"667\" srcset=\"https:\/\/www.nature-conservation-ubfc.com\/emme\/wp-content\/uploads\/sites\/4\/2023\/01\/Erica-multiflora-1.jpg 1000w, https:\/\/www.nature-conservation-ubfc.com\/emme\/wp-content\/uploads\/sites\/4\/2023\/01\/Erica-multiflora-1-980x654.jpg 980w, https:\/\/www.nature-conservation-ubfc.com\/emme\/wp-content\/uploads\/sites\/4\/2023\/01\/Erica-multiflora-1-480x320.jpg 480w\" sizes=\"(min-width: 0px) and (max-width: 480px) 480px, (min-width: 481px) and (max-width: 980px) 980px, (min-width: 981px) 1000px, 100vw\" \/><\/a>Erica multiflora<\/p>\n<p style=\"text-align: center\"><a href=\"https:\/\/www.nature-conservation-ubfc.com\/emme\/wp-content\/uploads\/sites\/4\/2023\/01\/Iberis-intermedia-1-rotated.jpg\"><img loading=\"lazy\" decoding=\"async\" class=\"size-full wp-image-2180 aligncenter\" src=\"https:\/\/www.nature-conservation-ubfc.com\/emme\/wp-content\/uploads\/sites\/4\/2023\/01\/Iberis-intermedia-1-rotated.jpg\" alt=\"\" width=\"1723\" height=\"1958\" srcset=\"https:\/\/www.nature-conservation-ubfc.com\/emme\/wp-content\/uploads\/sites\/4\/2023\/01\/Iberis-intermedia-1-rotated.jpg 1723w, https:\/\/www.nature-conservation-ubfc.com\/emme\/wp-content\/uploads\/sites\/4\/2023\/01\/Iberis-intermedia-1-1280x1455.jpg 1280w, https:\/\/www.nature-conservation-ubfc.com\/emme\/wp-content\/uploads\/sites\/4\/2023\/01\/Iberis-intermedia-1-980x1114.jpg 980w, https:\/\/www.nature-conservation-ubfc.com\/emme\/wp-content\/uploads\/sites\/4\/2023\/01\/Iberis-intermedia-1-480x545.jpg 480w\" sizes=\"(min-width: 0px) and (max-width: 480px) 480px, (min-width: 481px) and (max-width: 980px) 980px, (min-width: 981px) and (max-width: 1280px) 1280px, (min-width: 1281px) 1723px, 100vw\" \/><\/a>Iberis intermedia<\/p>\n<p><a href=\"https:\/\/www.nature-conservation-ubfc.com\/emme\/wp-content\/uploads\/sites\/4\/2023\/01\/Centranthus-lecoqii-1-rotated.jpg\"><img loading=\"lazy\" decoding=\"async\" class=\"size-full wp-image-2177\" src=\"https:\/\/www.nature-conservation-ubfc.com\/emme\/wp-content\/uploads\/sites\/4\/2023\/01\/Centranthus-lecoqii-1-rotated.jpg\" alt=\"\" width=\"1754\" height=\"2255\" srcset=\"https:\/\/www.nature-conservation-ubfc.com\/emme\/wp-content\/uploads\/sites\/4\/2023\/01\/Centranthus-lecoqii-1-rotated.jpg 1754w, https:\/\/www.nature-conservation-ubfc.com\/emme\/wp-content\/uploads\/sites\/4\/2023\/01\/Centranthus-lecoqii-1-1280x1646.jpg 1280w, https:\/\/www.nature-conservation-ubfc.com\/emme\/wp-content\/uploads\/sites\/4\/2023\/01\/Centranthus-lecoqii-1-980x1260.jpg 980w, https:\/\/www.nature-conservation-ubfc.com\/emme\/wp-content\/uploads\/sites\/4\/2023\/01\/Centranthus-lecoqii-1-480x617.jpg 480w\" sizes=\"(min-width: 0px) and (max-width: 480px) 480px, (min-width: 481px) and (max-width: 980px) 980px, (min-width: 981px) and (max-width: 1280px) 1280px, (min-width: 1281px) 1754px, 100vw\" \/><\/a><\/p>\n<p style=\"text-align: center\">Centrathus lecoqii<\/p>\n","protected":false},"excerpt":{"rendered":"<p>December 2022 &#8211; As part of the EMME Master&rsquo;s programme, three M2 students enrolled in the specialisation course in botanical taxonomy, Alisa Shakurova, Kevin Potter and Marius Pavat, went to study Mediterranean vegetation directly in the field between 28 November and 3 December 2022 under the supervision of Julien Azuara. To do so, the students [&hellip;]<\/p>\n","protected":false},"author":6,"featured_media":2183,"comment_status":"open","ping_status":"open","sticky":false,"template":"","format":"standard","meta":{"_et_pb_use_builder":"","_et_pb_old_content":"","_et_gb_content_width":"","footnotes":""},"categories":[7],"tags":[],"yoast_head":"<!-- This site is optimized with the Yoast SEO plugin v22.8 - https:\/\/yoast.com\/wordpress\/plugins\/seo\/ -->\n<title>M2 Botany Field Session 2022 - EMME<\/title>\n<meta name=\"robots\" content=\"index, follow, max-snippet:-1, max-image-preview:large, max-video-preview:-1\" \/>\n<link rel=\"canonical\" href=\"https:\/\/www.nature-conservation-ubfc.com\/emme\/en\/m2-botany-field-session-2022\/\" \/>\n<meta property=\"og:locale\" content=\"fr_FR\" \/>\n<meta property=\"og:type\" content=\"article\" \/>\n<meta property=\"og:title\" content=\"M2 Botany Field Session 2022 - EMME\" \/>\n<meta property=\"og:description\" content=\"December 2022 &#8211; As part of the EMME Master&rsquo;s programme, three M2 students enrolled in the specialisation course in botanical taxonomy, Alisa Shakurova, Kevin Potter and Marius Pavat, went to study Mediterranean vegetation directly in the field between 28 November and 3 December 2022 under the supervision of Julien Azuara. To do so, the students [&hellip;]\" \/>\n<meta property=\"og:url\" content=\"https:\/\/www.nature-conservation-ubfc.com\/emme\/en\/m2-botany-field-session-2022\/\" \/>\n<meta property=\"og:site_name\" content=\"EMME\" \/>\n<meta property=\"article:published_time\" content=\"2023-01-29T19:31:07+00:00\" \/>\n<meta property=\"article:modified_time\" content=\"2023-02-01T09:15:54+00:00\" \/>\n<meta property=\"og:image\" content=\"https:\/\/www.nature-conservation-ubfc.com\/emme\/wp-content\/uploads\/sites\/4\/2023\/01\/Salagou-lake-1-scaled.jpg\" \/>\n\t<meta property=\"og:image:width\" content=\"2560\" \/>\n\t<meta property=\"og:image:height\" content=\"1920\" \/>\n\t<meta property=\"og:image:type\" content=\"image\/jpeg\" \/>\n<meta name=\"author\" content=\"rscheifler\" \/>\n<meta name=\"twitter:card\" content=\"summary_large_image\" \/>\n<meta name=\"twitter:label1\" content=\"\u00c9crit par\" \/>\n\t<meta name=\"twitter:data1\" content=\"rscheifler\" \/>\n\t<meta name=\"twitter:label2\" content=\"Dur\u00e9e de lecture estim\u00e9e\" \/>\n\t<meta name=\"twitter:data2\" content=\"4 minutes\" \/>\n<script type=\"application\/ld+json\" class=\"yoast-schema-graph\">{\"@context\":\"https:\/\/schema.org\",\"@graph\":[{\"@type\":\"WebPage\",\"@id\":\"https:\/\/www.nature-conservation-ubfc.com\/emme\/en\/m2-botany-field-session-2022\/\",\"url\":\"https:\/\/www.nature-conservation-ubfc.com\/emme\/en\/m2-botany-field-session-2022\/\",\"name\":\"M2 Botany Field Session 2022 - EMME\",\"isPartOf\":{\"@id\":\"https:\/\/www.nature-conservation-ubfc.com\/emme\/#website\"},\"primaryImageOfPage\":{\"@id\":\"https:\/\/www.nature-conservation-ubfc.com\/emme\/en\/m2-botany-field-session-2022\/#primaryimage\"},\"image\":{\"@id\":\"https:\/\/www.nature-conservation-ubfc.com\/emme\/en\/m2-botany-field-session-2022\/#primaryimage\"},\"thumbnailUrl\":\"https:\/\/www.nature-conservation-ubfc.com\/emme\/wp-content\/uploads\/sites\/4\/2023\/01\/Salagou-lake-1-scaled.jpg\",\"datePublished\":\"2023-01-29T19:31:07+00:00\",\"dateModified\":\"2023-02-01T09:15:54+00:00\",\"author\":{\"@id\":\"https:\/\/www.nature-conservation-ubfc.com\/emme\/#\/schema\/person\/c9eba3aa377d5d37abfeda3545fc3a0a\"},\"breadcrumb\":{\"@id\":\"https:\/\/www.nature-conservation-ubfc.com\/emme\/en\/m2-botany-field-session-2022\/#breadcrumb\"},\"inLanguage\":\"fr-FR\",\"potentialAction\":[{\"@type\":\"ReadAction\",\"target\":[\"https:\/\/www.nature-conservation-ubfc.com\/emme\/en\/m2-botany-field-session-2022\/\"]}]},{\"@type\":\"ImageObject\",\"inLanguage\":\"fr-FR\",\"@id\":\"https:\/\/www.nature-conservation-ubfc.com\/emme\/en\/m2-botany-field-session-2022\/#primaryimage\",\"url\":\"https:\/\/www.nature-conservation-ubfc.com\/emme\/wp-content\/uploads\/sites\/4\/2023\/01\/Salagou-lake-1-scaled.jpg\",\"contentUrl\":\"https:\/\/www.nature-conservation-ubfc.com\/emme\/wp-content\/uploads\/sites\/4\/2023\/01\/Salagou-lake-1-scaled.jpg\",\"width\":2560,\"height\":1920},{\"@type\":\"BreadcrumbList\",\"@id\":\"https:\/\/www.nature-conservation-ubfc.com\/emme\/en\/m2-botany-field-session-2022\/#breadcrumb\",\"itemListElement\":[{\"@type\":\"ListItem\",\"position\":1,\"name\":\"Accueil\",\"item\":\"https:\/\/www.nature-conservation-ubfc.com\/emme\/fr\/\"},{\"@type\":\"ListItem\",\"position\":2,\"name\":\"M2 Botany Field Session 2022\"}]},{\"@type\":\"WebSite\",\"@id\":\"https:\/\/www.nature-conservation-ubfc.com\/emme\/#website\",\"url\":\"https:\/\/www.nature-conservation-ubfc.com\/emme\/\",\"name\":\"EMME\",\"description\":\"\",\"potentialAction\":[{\"@type\":\"SearchAction\",\"target\":{\"@type\":\"EntryPoint\",\"urlTemplate\":\"https:\/\/www.nature-conservation-ubfc.com\/emme\/?s={search_term_string}\"},\"query-input\":\"required name=search_term_string\"}],\"inLanguage\":\"fr-FR\"},{\"@type\":\"Person\",\"@id\":\"https:\/\/www.nature-conservation-ubfc.com\/emme\/#\/schema\/person\/c9eba3aa377d5d37abfeda3545fc3a0a\",\"name\":\"rscheifler\",\"image\":{\"@type\":\"ImageObject\",\"inLanguage\":\"fr-FR\",\"@id\":\"https:\/\/www.nature-conservation-ubfc.com\/emme\/#\/schema\/person\/image\/\",\"url\":\"https:\/\/secure.gravatar.com\/avatar\/6517f3f13e26859434f55639b3aaf742?s=96&d=mm&r=g\",\"contentUrl\":\"https:\/\/secure.gravatar.com\/avatar\/6517f3f13e26859434f55639b3aaf742?s=96&d=mm&r=g\",\"caption\":\"rscheifler\"},\"url\":\"https:\/\/www.nature-conservation-ubfc.com\/emme\/author\/rscheifler\/\"}]}<\/script>\n<!-- \/ Yoast SEO plugin. -->","yoast_head_json":{"title":"M2 Botany Field Session 2022 - EMME","robots":{"index":"index","follow":"follow","max-snippet":"max-snippet:-1","max-image-preview":"max-image-preview:large","max-video-preview":"max-video-preview:-1"},"canonical":"https:\/\/www.nature-conservation-ubfc.com\/emme\/en\/m2-botany-field-session-2022\/","og_locale":"fr_FR","og_type":"article","og_title":"M2 Botany Field Session 2022 - EMME","og_description":"December 2022 &#8211; As part of the EMME Master&rsquo;s programme, three M2 students enrolled in the specialisation course in botanical taxonomy, Alisa Shakurova, Kevin Potter and Marius Pavat, went to study Mediterranean vegetation directly in the field between 28 November and 3 December 2022 under the supervision of Julien Azuara. To do so, the students [&hellip;]","og_url":"https:\/\/www.nature-conservation-ubfc.com\/emme\/en\/m2-botany-field-session-2022\/","og_site_name":"EMME","article_published_time":"2023-01-29T19:31:07+00:00","article_modified_time":"2023-02-01T09:15:54+00:00","og_image":[{"width":2560,"height":1920,"url":"https:\/\/www.nature-conservation-ubfc.com\/emme\/wp-content\/uploads\/sites\/4\/2023\/01\/Salagou-lake-1-scaled.jpg","type":"image\/jpeg"}],"author":"rscheifler","twitter_card":"summary_large_image","twitter_misc":{"\u00c9crit par":"rscheifler","Dur\u00e9e de lecture estim\u00e9e":"4 minutes"},"schema":{"@context":"https:\/\/schema.org","@graph":[{"@type":"WebPage","@id":"https:\/\/www.nature-conservation-ubfc.com\/emme\/en\/m2-botany-field-session-2022\/","url":"https:\/\/www.nature-conservation-ubfc.com\/emme\/en\/m2-botany-field-session-2022\/","name":"M2 Botany Field Session 2022 - EMME","isPartOf":{"@id":"https:\/\/www.nature-conservation-ubfc.com\/emme\/#website"},"primaryImageOfPage":{"@id":"https:\/\/www.nature-conservation-ubfc.com\/emme\/en\/m2-botany-field-session-2022\/#primaryimage"},"image":{"@id":"https:\/\/www.nature-conservation-ubfc.com\/emme\/en\/m2-botany-field-session-2022\/#primaryimage"},"thumbnailUrl":"https:\/\/www.nature-conservation-ubfc.com\/emme\/wp-content\/uploads\/sites\/4\/2023\/01\/Salagou-lake-1-scaled.jpg","datePublished":"2023-01-29T19:31:07+00:00","dateModified":"2023-02-01T09:15:54+00:00","author":{"@id":"https:\/\/www.nature-conservation-ubfc.com\/emme\/#\/schema\/person\/c9eba3aa377d5d37abfeda3545fc3a0a"},"breadcrumb":{"@id":"https:\/\/www.nature-conservation-ubfc.com\/emme\/en\/m2-botany-field-session-2022\/#breadcrumb"},"inLanguage":"fr-FR","potentialAction":[{"@type":"ReadAction","target":["https:\/\/www.nature-conservation-ubfc.com\/emme\/en\/m2-botany-field-session-2022\/"]}]},{"@type":"ImageObject","inLanguage":"fr-FR","@id":"https:\/\/www.nature-conservation-ubfc.com\/emme\/en\/m2-botany-field-session-2022\/#primaryimage","url":"https:\/\/www.nature-conservation-ubfc.com\/emme\/wp-content\/uploads\/sites\/4\/2023\/01\/Salagou-lake-1-scaled.jpg","contentUrl":"https:\/\/www.nature-conservation-ubfc.com\/emme\/wp-content\/uploads\/sites\/4\/2023\/01\/Salagou-lake-1-scaled.jpg","width":2560,"height":1920},{"@type":"BreadcrumbList","@id":"https:\/\/www.nature-conservation-ubfc.com\/emme\/en\/m2-botany-field-session-2022\/#breadcrumb","itemListElement":[{"@type":"ListItem","position":1,"name":"Accueil","item":"https:\/\/www.nature-conservation-ubfc.com\/emme\/fr\/"},{"@type":"ListItem","position":2,"name":"M2 Botany Field Session 2022"}]},{"@type":"WebSite","@id":"https:\/\/www.nature-conservation-ubfc.com\/emme\/#website","url":"https:\/\/www.nature-conservation-ubfc.com\/emme\/","name":"EMME","description":"","potentialAction":[{"@type":"SearchAction","target":{"@type":"EntryPoint","urlTemplate":"https:\/\/www.nature-conservation-ubfc.com\/emme\/?s={search_term_string}"},"query-input":"required name=search_term_string"}],"inLanguage":"fr-FR"},{"@type":"Person","@id":"https:\/\/www.nature-conservation-ubfc.com\/emme\/#\/schema\/person\/c9eba3aa377d5d37abfeda3545fc3a0a","name":"rscheifler","image":{"@type":"ImageObject","inLanguage":"fr-FR","@id":"https:\/\/www.nature-conservation-ubfc.com\/emme\/#\/schema\/person\/image\/","url":"https:\/\/secure.gravatar.com\/avatar\/6517f3f13e26859434f55639b3aaf742?s=96&d=mm&r=g","contentUrl":"https:\/\/secure.gravatar.com\/avatar\/6517f3f13e26859434f55639b3aaf742?s=96&d=mm&r=g","caption":"rscheifler"},"url":"https:\/\/www.nature-conservation-ubfc.com\/emme\/author\/rscheifler\/"}]}},"_links":{"self":[{"href":"https:\/\/www.nature-conservation-ubfc.com\/emme\/wp-json\/wp\/v2\/posts\/2187"}],"collection":[{"href":"https:\/\/www.nature-conservation-ubfc.com\/emme\/wp-json\/wp\/v2\/posts"}],"about":[{"href":"https:\/\/www.nature-conservation-ubfc.com\/emme\/wp-json\/wp\/v2\/types\/post"}],"author":[{"embeddable":true,"href":"https:\/\/www.nature-conservation-ubfc.com\/emme\/wp-json\/wp\/v2\/users\/6"}],"replies":[{"embeddable":true,"href":"https:\/\/www.nature-conservation-ubfc.com\/emme\/wp-json\/wp\/v2\/comments?post=2187"}],"version-history":[{"count":5,"href":"https:\/\/www.nature-conservation-ubfc.com\/emme\/wp-json\/wp\/v2\/posts\/2187\/revisions"}],"predecessor-version":[{"id":2197,"href":"https:\/\/www.nature-conservation-ubfc.com\/emme\/wp-json\/wp\/v2\/posts\/2187\/revisions\/2197"}],"wp:featuredmedia":[{"embeddable":true,"href":"https:\/\/www.nature-conservation-ubfc.com\/emme\/wp-json\/wp\/v2\/media\/2183"}],"wp:attachment":[{"href":"https:\/\/www.nature-conservation-ubfc.com\/emme\/wp-json\/wp\/v2\/media?parent=2187"}],"wp:term":[{"taxonomy":"category","embeddable":true,"href":"https:\/\/www.nature-conservation-ubfc.com\/emme\/wp-json\/wp\/v2\/categories?post=2187"},{"taxonomy":"post_tag","embeddable":true,"href":"https:\/\/www.nature-conservation-ubfc.com\/emme\/wp-json\/wp\/v2\/tags?post=2187"}],"curies":[{"name":"wp","href":"https:\/\/api.w.org\/{rel}","templated":true}]}}