{"id":2154,"date":"2022-09-25T11:12:20","date_gmt":"2022-09-25T09:12:20","guid":{"rendered":"https:\/\/www.nature-conservation-ubfc.com\/emme\/?p=2154"},"modified":"2023-01-23T11:27:44","modified_gmt":"2023-01-23T10:27:44","slug":"week-end-dintegration-2022","status":"publish","type":"post","link":"https:\/\/www.nature-conservation-ubfc.com\/emme\/fr\/week-end-dintegration-2022\/","title":{"rendered":"Week-end d\u2019int\u00e9gration 2022"},"content":{"rendered":"<p>Septembre 2022 &#8211; Chaque mois de septembre, l&rsquo;ann\u00e9e acad\u00e9mique du Master EMME commence par une <a href=\"https:\/\/www.nature-conservation-ubfc.com\/emme\/fr\/ecole-de-rentree\/\">\u00c9cole de rentr\u00e9e (ER)<\/a> &#8211; une unit\u00e9 d&rsquo;enseignement enseign\u00e9e \u00e0 la fois pendant les ann\u00e9es <a href=\"https:\/\/www.nature-conservation-ubfc.com\/emme\/fr\/session-de-terrain-introductif-m1-2021\/\">M1<\/a> et <a href=\"https:\/\/www.nature-conservation-ubfc.com\/emme\/fr\/session-de-terrain-introductif-m2-2022\/\">M2<\/a> du Master. Cette ann\u00e9e, le week-end entre ces deux cours d&rsquo;ER a \u00e9t\u00e9 l&rsquo;occasion pour les \u00e9tudiants des deux ann\u00e9es de profiter \u00e0 nouveau d&rsquo;un <a href=\"https:\/\/www.nature-conservation-ubfc.com\/emme\/fr\/week-end-dintegration-2021\/\">Week-end d\u2019int\u00e9gration <\/a>. Organis\u00e9 par les \u00e9tudiants du M2 et pris en charge par le Master, ce week-end de retraite avait pour but d&rsquo;accueillir les nouveaux \u00e9tudiants dans le cadre de la formation tout en leur offrant la possibilit\u00e9 de rencontrer leurs pairs et de d\u00e9couvrir les magnifiques paysages de Franche-Comt\u00e9.<\/p>\n<p><a href=\"https:\/\/www.nature-conservation-ubfc.com\/emme\/wp-content\/uploads\/sites\/4\/2023\/01\/EMME-Integration-Weekend-2022-2.jpg\"><img loading=\"lazy\" decoding=\"async\" class=\"size-full wp-image-2072 aligncenter\" src=\"https:\/\/www.nature-conservation-ubfc.com\/emme\/wp-content\/uploads\/sites\/4\/2023\/01\/EMME-Integration-Weekend-2022-2.jpg\" alt=\"\" width=\"1235\" height=\"925\" srcset=\"https:\/\/www.nature-conservation-ubfc.com\/emme\/wp-content\/uploads\/sites\/4\/2023\/01\/EMME-Integration-Weekend-2022-2.jpg 1235w, https:\/\/www.nature-conservation-ubfc.com\/emme\/wp-content\/uploads\/sites\/4\/2023\/01\/EMME-Integration-Weekend-2022-2-980x734.jpg 980w, https:\/\/www.nature-conservation-ubfc.com\/emme\/wp-content\/uploads\/sites\/4\/2023\/01\/EMME-Integration-Weekend-2022-2-480x360.jpg 480w\" sizes=\"(min-width: 0px) and (max-width: 480px) 480px, (min-width: 481px) and (max-width: 980px) 980px, (min-width: 981px) 1235px, 100vw\" \/><\/a><\/p>\n<p>&nbsp;<\/p>\n<p>En plus de la bonne bouffe offerte par le <em><a href=\"https:\/\/www.les-fauvettes.fr\/center\/levier-scolaires\">Centre de vacances Les Fauvettes<\/a>,<\/em> les \u00e9tudiants ont profit\u00e9 de nombreuses activit\u00e9s amusantes \u00e0 l&rsquo;int\u00e9rieur et \u00e0 l&rsquo;ext\u00e9rieur, notamment des randonn\u00e9es, des jeux en for\u00eat, l&rsquo;installation de pi\u00e8ges photographiques, des parties de tennis de table et de badminton et des s\u00e9ances de yoga, pour n&rsquo;en nommer que quelques-unes. Chaque \u00e9tudiant de M1 a \u00e9galement profit\u00e9 de ce week-end pour choisir au hasard un \u00e9tudiant de l&rsquo;ann\u00e9e de M2 qui lui servira de \u00ab mentor \u00bb pour l&rsquo;ann\u00e9e \u00e0 venir, ce qui lui donnera l&rsquo;occasion de poser des questions sur divers sujets, notamment le programme EMME, les stages, ou la vie \u00e9tudiante g\u00e9n\u00e9rale \u00e0 Besan\u00e7on..<\/p>\n<p><a href=\"https:\/\/www.nature-conservation-ubfc.com\/emme\/wp-content\/uploads\/sites\/4\/2023\/01\/EMME-Integration-Weekend-2022-3.jpg\"><img loading=\"lazy\" decoding=\"async\" class=\"size-full wp-image-2073 aligncenter\" src=\"https:\/\/www.nature-conservation-ubfc.com\/emme\/wp-content\/uploads\/sites\/4\/2023\/01\/EMME-Integration-Weekend-2022-3.jpg\" alt=\"\" width=\"1236\" height=\"822\" srcset=\"https:\/\/www.nature-conservation-ubfc.com\/emme\/wp-content\/uploads\/sites\/4\/2023\/01\/EMME-Integration-Weekend-2022-3.jpg 1236w, https:\/\/www.nature-conservation-ubfc.com\/emme\/wp-content\/uploads\/sites\/4\/2023\/01\/EMME-Integration-Weekend-2022-3-980x652.jpg 980w, https:\/\/www.nature-conservation-ubfc.com\/emme\/wp-content\/uploads\/sites\/4\/2023\/01\/EMME-Integration-Weekend-2022-3-480x319.jpg 480w\" sizes=\"(min-width: 0px) and (max-width: 480px) 480px, (min-width: 481px) and (max-width: 980px) 980px, (min-width: 981px) 1236px, 100vw\" \/><\/a><\/p>\n","protected":false},"excerpt":{"rendered":"<p>Septembre 2022 &#8211; Chaque mois de septembre, l&rsquo;ann\u00e9e acad\u00e9mique du Master EMME commence par une \u00c9cole de rentr\u00e9e (ER) &#8211; une unit\u00e9 d&rsquo;enseignement enseign\u00e9e \u00e0 la fois pendant les ann\u00e9es M1 et M2 du Master. Cette ann\u00e9e, le week-end entre ces deux cours d&rsquo;ER a \u00e9t\u00e9 l&rsquo;occasion pour les \u00e9tudiants des deux ann\u00e9es de profiter [&hellip;]<\/p>\n","protected":false},"author":6,"featured_media":2071,"comment_status":"open","ping_status":"open","sticky":false,"template":"","format":"standard","meta":{"_et_pb_use_builder":"","_et_pb_old_content":"","_et_gb_content_width":"","footnotes":""},"categories":[1],"tags":[],"yoast_head":"<!-- This site is optimized with the Yoast SEO plugin v22.8 - https:\/\/yoast.com\/wordpress\/plugins\/seo\/ -->\n<title>Week-end d\u2019int\u00e9gration 2022 - EMME<\/title>\n<meta name=\"robots\" content=\"index, follow, max-snippet:-1, max-image-preview:large, max-video-preview:-1\" \/>\n<link rel=\"canonical\" href=\"https:\/\/www.nature-conservation-ubfc.com\/emme\/fr\/week-end-dintegration-2022\/\" \/>\n<meta property=\"og:locale\" content=\"fr_FR\" \/>\n<meta property=\"og:type\" content=\"article\" \/>\n<meta property=\"og:title\" content=\"Week-end d\u2019int\u00e9gration 2022 - EMME\" \/>\n<meta property=\"og:description\" content=\"Septembre 2022 &#8211; Chaque mois de septembre, l&rsquo;ann\u00e9e acad\u00e9mique du Master EMME commence par une \u00c9cole de rentr\u00e9e (ER) &#8211; une unit\u00e9 d&rsquo;enseignement enseign\u00e9e \u00e0 la fois pendant les ann\u00e9es M1 et M2 du Master. Cette ann\u00e9e, le week-end entre ces deux cours d&rsquo;ER a \u00e9t\u00e9 l&rsquo;occasion pour les \u00e9tudiants des deux ann\u00e9es de profiter [&hellip;]\" \/>\n<meta property=\"og:url\" content=\"https:\/\/www.nature-conservation-ubfc.com\/emme\/fr\/week-end-dintegration-2022\/\" \/>\n<meta property=\"og:site_name\" content=\"EMME\" \/>\n<meta property=\"article:published_time\" content=\"2022-09-25T09:12:20+00:00\" \/>\n<meta property=\"article:modified_time\" content=\"2023-01-23T10:27:44+00:00\" \/>\n<meta property=\"og:image\" content=\"https:\/\/www.nature-conservation-ubfc.com\/emme\/wp-content\/uploads\/sites\/4\/2023\/01\/EMME-Integration-Weekend-2022-1.jpg\" \/>\n\t<meta property=\"og:image:width\" content=\"1237\" \/>\n\t<meta property=\"og:image:height\" content=\"928\" \/>\n\t<meta property=\"og:image:type\" content=\"image\/jpeg\" \/>\n<meta name=\"author\" content=\"rscheifler\" \/>\n<meta name=\"twitter:card\" content=\"summary_large_image\" \/>\n<meta name=\"twitter:label1\" content=\"\u00c9crit par\" \/>\n\t<meta name=\"twitter:data1\" content=\"rscheifler\" \/>\n\t<meta name=\"twitter:label2\" content=\"Dur\u00e9e de lecture estim\u00e9e\" \/>\n\t<meta name=\"twitter:data2\" content=\"2 minutes\" \/>\n<script type=\"application\/ld+json\" class=\"yoast-schema-graph\">{\"@context\":\"https:\/\/schema.org\",\"@graph\":[{\"@type\":\"WebPage\",\"@id\":\"https:\/\/www.nature-conservation-ubfc.com\/emme\/fr\/week-end-dintegration-2022\/\",\"url\":\"https:\/\/www.nature-conservation-ubfc.com\/emme\/fr\/week-end-dintegration-2022\/\",\"name\":\"Week-end d\u2019int\u00e9gration 2022 - EMME\",\"isPartOf\":{\"@id\":\"https:\/\/www.nature-conservation-ubfc.com\/emme\/#website\"},\"primaryImageOfPage\":{\"@id\":\"https:\/\/www.nature-conservation-ubfc.com\/emme\/fr\/week-end-dintegration-2022\/#primaryimage\"},\"image\":{\"@id\":\"https:\/\/www.nature-conservation-ubfc.com\/emme\/fr\/week-end-dintegration-2022\/#primaryimage\"},\"thumbnailUrl\":\"https:\/\/www.nature-conservation-ubfc.com\/emme\/wp-content\/uploads\/sites\/4\/2023\/01\/EMME-Integration-Weekend-2022-1.jpg\",\"datePublished\":\"2022-09-25T09:12:20+00:00\",\"dateModified\":\"2023-01-23T10:27:44+00:00\",\"author\":{\"@id\":\"https:\/\/www.nature-conservation-ubfc.com\/emme\/#\/schema\/person\/c9eba3aa377d5d37abfeda3545fc3a0a\"},\"breadcrumb\":{\"@id\":\"https:\/\/www.nature-conservation-ubfc.com\/emme\/fr\/week-end-dintegration-2022\/#breadcrumb\"},\"inLanguage\":\"fr-FR\",\"potentialAction\":[{\"@type\":\"ReadAction\",\"target\":[\"https:\/\/www.nature-conservation-ubfc.com\/emme\/fr\/week-end-dintegration-2022\/\"]}]},{\"@type\":\"ImageObject\",\"inLanguage\":\"fr-FR\",\"@id\":\"https:\/\/www.nature-conservation-ubfc.com\/emme\/fr\/week-end-dintegration-2022\/#primaryimage\",\"url\":\"https:\/\/www.nature-conservation-ubfc.com\/emme\/wp-content\/uploads\/sites\/4\/2023\/01\/EMME-Integration-Weekend-2022-1.jpg\",\"contentUrl\":\"https:\/\/www.nature-conservation-ubfc.com\/emme\/wp-content\/uploads\/sites\/4\/2023\/01\/EMME-Integration-Weekend-2022-1.jpg\",\"width\":1237,\"height\":928},{\"@type\":\"BreadcrumbList\",\"@id\":\"https:\/\/www.nature-conservation-ubfc.com\/emme\/fr\/week-end-dintegration-2022\/#breadcrumb\",\"itemListElement\":[{\"@type\":\"ListItem\",\"position\":1,\"name\":\"Accueil\",\"item\":\"https:\/\/www.nature-conservation-ubfc.com\/emme\/fr\/\"},{\"@type\":\"ListItem\",\"position\":2,\"name\":\"Week-end d\u2019int\u00e9gration 2022\"}]},{\"@type\":\"WebSite\",\"@id\":\"https:\/\/www.nature-conservation-ubfc.com\/emme\/#website\",\"url\":\"https:\/\/www.nature-conservation-ubfc.com\/emme\/\",\"name\":\"EMME\",\"description\":\"\",\"potentialAction\":[{\"@type\":\"SearchAction\",\"target\":{\"@type\":\"EntryPoint\",\"urlTemplate\":\"https:\/\/www.nature-conservation-ubfc.com\/emme\/?s={search_term_string}\"},\"query-input\":\"required name=search_term_string\"}],\"inLanguage\":\"fr-FR\"},{\"@type\":\"Person\",\"@id\":\"https:\/\/www.nature-conservation-ubfc.com\/emme\/#\/schema\/person\/c9eba3aa377d5d37abfeda3545fc3a0a\",\"name\":\"rscheifler\",\"image\":{\"@type\":\"ImageObject\",\"inLanguage\":\"fr-FR\",\"@id\":\"https:\/\/www.nature-conservation-ubfc.com\/emme\/#\/schema\/person\/image\/\",\"url\":\"https:\/\/secure.gravatar.com\/avatar\/6517f3f13e26859434f55639b3aaf742?s=96&d=mm&r=g\",\"contentUrl\":\"https:\/\/secure.gravatar.com\/avatar\/6517f3f13e26859434f55639b3aaf742?s=96&d=mm&r=g\",\"caption\":\"rscheifler\"},\"url\":\"https:\/\/www.nature-conservation-ubfc.com\/emme\/author\/rscheifler\/\"}]}<\/script>\n<!-- \/ Yoast SEO plugin. -->","yoast_head_json":{"title":"Week-end d\u2019int\u00e9gration 2022 - EMME","robots":{"index":"index","follow":"follow","max-snippet":"max-snippet:-1","max-image-preview":"max-image-preview:large","max-video-preview":"max-video-preview:-1"},"canonical":"https:\/\/www.nature-conservation-ubfc.com\/emme\/fr\/week-end-dintegration-2022\/","og_locale":"fr_FR","og_type":"article","og_title":"Week-end d\u2019int\u00e9gration 2022 - EMME","og_description":"Septembre 2022 &#8211; Chaque mois de septembre, l&rsquo;ann\u00e9e acad\u00e9mique du Master EMME commence par une \u00c9cole de rentr\u00e9e (ER) &#8211; une unit\u00e9 d&rsquo;enseignement enseign\u00e9e \u00e0 la fois pendant les ann\u00e9es M1 et M2 du Master. Cette ann\u00e9e, le week-end entre ces deux cours d&rsquo;ER a \u00e9t\u00e9 l&rsquo;occasion pour les \u00e9tudiants des deux ann\u00e9es de profiter [&hellip;]","og_url":"https:\/\/www.nature-conservation-ubfc.com\/emme\/fr\/week-end-dintegration-2022\/","og_site_name":"EMME","article_published_time":"2022-09-25T09:12:20+00:00","article_modified_time":"2023-01-23T10:27:44+00:00","og_image":[{"width":1237,"height":928,"url":"https:\/\/www.nature-conservation-ubfc.com\/emme\/wp-content\/uploads\/sites\/4\/2023\/01\/EMME-Integration-Weekend-2022-1.jpg","type":"image\/jpeg"}],"author":"rscheifler","twitter_card":"summary_large_image","twitter_misc":{"\u00c9crit par":"rscheifler","Dur\u00e9e de lecture estim\u00e9e":"2 minutes"},"schema":{"@context":"https:\/\/schema.org","@graph":[{"@type":"WebPage","@id":"https:\/\/www.nature-conservation-ubfc.com\/emme\/fr\/week-end-dintegration-2022\/","url":"https:\/\/www.nature-conservation-ubfc.com\/emme\/fr\/week-end-dintegration-2022\/","name":"Week-end d\u2019int\u00e9gration 2022 - EMME","isPartOf":{"@id":"https:\/\/www.nature-conservation-ubfc.com\/emme\/#website"},"primaryImageOfPage":{"@id":"https:\/\/www.nature-conservation-ubfc.com\/emme\/fr\/week-end-dintegration-2022\/#primaryimage"},"image":{"@id":"https:\/\/www.nature-conservation-ubfc.com\/emme\/fr\/week-end-dintegration-2022\/#primaryimage"},"thumbnailUrl":"https:\/\/www.nature-conservation-ubfc.com\/emme\/wp-content\/uploads\/sites\/4\/2023\/01\/EMME-Integration-Weekend-2022-1.jpg","datePublished":"2022-09-25T09:12:20+00:00","dateModified":"2023-01-23T10:27:44+00:00","author":{"@id":"https:\/\/www.nature-conservation-ubfc.com\/emme\/#\/schema\/person\/c9eba3aa377d5d37abfeda3545fc3a0a"},"breadcrumb":{"@id":"https:\/\/www.nature-conservation-ubfc.com\/emme\/fr\/week-end-dintegration-2022\/#breadcrumb"},"inLanguage":"fr-FR","potentialAction":[{"@type":"ReadAction","target":["https:\/\/www.nature-conservation-ubfc.com\/emme\/fr\/week-end-dintegration-2022\/"]}]},{"@type":"ImageObject","inLanguage":"fr-FR","@id":"https:\/\/www.nature-conservation-ubfc.com\/emme\/fr\/week-end-dintegration-2022\/#primaryimage","url":"https:\/\/www.nature-conservation-ubfc.com\/emme\/wp-content\/uploads\/sites\/4\/2023\/01\/EMME-Integration-Weekend-2022-1.jpg","contentUrl":"https:\/\/www.nature-conservation-ubfc.com\/emme\/wp-content\/uploads\/sites\/4\/2023\/01\/EMME-Integration-Weekend-2022-1.jpg","width":1237,"height":928},{"@type":"BreadcrumbList","@id":"https:\/\/www.nature-conservation-ubfc.com\/emme\/fr\/week-end-dintegration-2022\/#breadcrumb","itemListElement":[{"@type":"ListItem","position":1,"name":"Accueil","item":"https:\/\/www.nature-conservation-ubfc.com\/emme\/fr\/"},{"@type":"ListItem","position":2,"name":"Week-end d\u2019int\u00e9gration 2022"}]},{"@type":"WebSite","@id":"https:\/\/www.nature-conservation-ubfc.com\/emme\/#website","url":"https:\/\/www.nature-conservation-ubfc.com\/emme\/","name":"EMME","description":"","potentialAction":[{"@type":"SearchAction","target":{"@type":"EntryPoint","urlTemplate":"https:\/\/www.nature-conservation-ubfc.com\/emme\/?s={search_term_string}"},"query-input":"required name=search_term_string"}],"inLanguage":"fr-FR"},{"@type":"Person","@id":"https:\/\/www.nature-conservation-ubfc.com\/emme\/#\/schema\/person\/c9eba3aa377d5d37abfeda3545fc3a0a","name":"rscheifler","image":{"@type":"ImageObject","inLanguage":"fr-FR","@id":"https:\/\/www.nature-conservation-ubfc.com\/emme\/#\/schema\/person\/image\/","url":"https:\/\/secure.gravatar.com\/avatar\/6517f3f13e26859434f55639b3aaf742?s=96&d=mm&r=g","contentUrl":"https:\/\/secure.gravatar.com\/avatar\/6517f3f13e26859434f55639b3aaf742?s=96&d=mm&r=g","caption":"rscheifler"},"url":"https:\/\/www.nature-conservation-ubfc.com\/emme\/author\/rscheifler\/"}]}},"_links":{"self":[{"href":"https:\/\/www.nature-conservation-ubfc.com\/emme\/wp-json\/wp\/v2\/posts\/2154"}],"collection":[{"href":"https:\/\/www.nature-conservation-ubfc.com\/emme\/wp-json\/wp\/v2\/posts"}],"about":[{"href":"https:\/\/www.nature-conservation-ubfc.com\/emme\/wp-json\/wp\/v2\/types\/post"}],"author":[{"embeddable":true,"href":"https:\/\/www.nature-conservation-ubfc.com\/emme\/wp-json\/wp\/v2\/users\/6"}],"replies":[{"embeddable":true,"href":"https:\/\/www.nature-conservation-ubfc.com\/emme\/wp-json\/wp\/v2\/comments?post=2154"}],"version-history":[{"count":2,"href":"https:\/\/www.nature-conservation-ubfc.com\/emme\/wp-json\/wp\/v2\/posts\/2154\/revisions"}],"predecessor-version":[{"id":2156,"href":"https:\/\/www.nature-conservation-ubfc.com\/emme\/wp-json\/wp\/v2\/posts\/2154\/revisions\/2156"}],"wp:featuredmedia":[{"embeddable":true,"href":"https:\/\/www.nature-conservation-ubfc.com\/emme\/wp-json\/wp\/v2\/media\/2071"}],"wp:attachment":[{"href":"https:\/\/www.nature-conservation-ubfc.com\/emme\/wp-json\/wp\/v2\/media?parent=2154"}],"wp:term":[{"taxonomy":"category","embeddable":true,"href":"https:\/\/www.nature-conservation-ubfc.com\/emme\/wp-json\/wp\/v2\/categories?post=2154"},{"taxonomy":"post_tag","embeddable":true,"href":"https:\/\/www.nature-conservation-ubfc.com\/emme\/wp-json\/wp\/v2\/tags?post=2154"}],"curies":[{"name":"wp","href":"https:\/\/api.w.org\/{rel}","templated":true}]}}