{"id":2146,"date":"2022-06-07T10:30:44","date_gmt":"2022-06-07T08:30:44","guid":{"rendered":"https:\/\/www.nature-conservation-ubfc.com\/emme\/?p=2146"},"modified":"2023-01-27T10:57:43","modified_gmt":"2023-01-27T09:57:43","slug":"stages-pour-les-etudiants-de-m1-2021-2022","status":"publish","type":"post","link":"https:\/\/www.nature-conservation-ubfc.com\/emme\/fr\/stages-pour-les-etudiants-de-m1-2021-2022\/","title":{"rendered":"Stages pour les \u00e9tudiants de M1 2021\/2022"},"content":{"rendered":"<p>&nbsp;<\/p>\n<p><strong><em>Avertissement : cet article contient la photo d&rsquo;un serpent..<\/em><\/strong><\/p>\n<p>Juin 2022 &#8211; La premi\u00e8re ann\u00e9e de master est presque termin\u00e9e pour la promotion 2021\/2022 du M1. Pendant l&rsquo;ann\u00e9e de M1, les stages ont une dur\u00e9e de 2 \u00e0 3 mois. La plupart des \u00e9tudiants ont commenc\u00e9 leur stage \u00e0 la fin du mois de f\u00e9vrier 2022 et l&rsquo;ont effectu\u00e9 dans diff\u00e9rentes structures d&rsquo;accueil en France.<\/p>\n<p>&nbsp;<\/p>\n<h3 style=\"text-align: center\"><strong><em>Clo\u00e9 HADJADJI<\/em><\/strong><\/h3>\n<pre style=\"text-align: center\"><a href=\"https:\/\/www.nature-conservation-ubfc.com\/emme\/wp-content\/uploads\/sites\/4\/2023\/01\/M1-internships-Cloe-HADJADJI-1.jpg\"><img loading=\"lazy\" decoding=\"async\" class=\" wp-image-2009 aligncenter\" src=\"https:\/\/www.nature-conservation-ubfc.com\/emme\/wp-content\/uploads\/sites\/4\/2023\/01\/M1-internships-Cloe-HADJADJI-1.jpg\" alt=\"\" width=\"891\" height=\"730\" \/><\/a><\/pre>\n<p>Clo\u00e9 travaille sur l&rsquo;impact des caract\u00e9ristiques individuelles et environnementales sur les param\u00e8tres h\u00e9matologiques du Mulot sylvestre (<em>Apodemus sylvaticus<\/em>) au laboratoire Chrono-environnement de Besan\u00e7on. Le travail qu&rsquo;elle effectue comprend des analyses statistiques, la gestion de bases de donn\u00e9es, le pi\u00e9geage de petits mammif\u00e8res et des pr\u00e9l\u00e8vements sanguins. Elle a \u00e9galement eu l&rsquo;occasion de participer \u00e0 une session de terrain sur l&rsquo;ancien site de MetalEurop Nord dans le nord de la France, ainsi que d&rsquo;\u00eatre initi\u00e9e aux techniques de laboratoire de la cytom\u00e9trie en flux et des analyses Randox.<\/p>\n<p>&nbsp;<\/p>\n<h3 style=\"text-align: center\"><strong><em>Manon PERRIER<\/em><\/strong><\/h3>\n<pre style=\"text-align: center\"><a href=\"https:\/\/www.nature-conservation-ubfc.com\/emme\/wp-content\/uploads\/sites\/4\/2023\/01\/M1-internships-Manon-PERRIER-1.jpg\"><img loading=\"lazy\" decoding=\"async\" class=\" wp-image-2007 aligncenter\" src=\"https:\/\/www.nature-conservation-ubfc.com\/emme\/wp-content\/uploads\/sites\/4\/2023\/01\/M1-internships-Manon-PERRIER-1.jpg\" alt=\"\" width=\"927\" height=\"744\" \/><\/a><\/pre>\n<p>Manon effectue \u00e9galement son stage au laboratoire Chrono-environnement. Elle \u00e9value comment les microplastiques et la toxicit\u00e9 du mercure dans les s\u00e9diments affectent la survie, la croissance et l&rsquo;\u00e9mergence des larves de chironomes. Son travail sur ce projet comprend de nombreuses t\u00e2ches diff\u00e9rentes &#8211; une revue de la litt\u00e9rature, la mise en place d&rsquo;un protocole exp\u00e9rimental, le suivi et l&rsquo;entretien des dispositifs exp\u00e9rimentaux, la collecte, la gestion et l&rsquo;analyse des donn\u00e9es.<\/p>\n<p>&nbsp;<\/p>\n<h3 style=\"text-align: center\"><strong><em>Kevin POTTER<\/em><\/strong><\/h3>\n<pre style=\"text-align: center\"><a href=\"https:\/\/www.nature-conservation-ubfc.com\/emme\/wp-content\/uploads\/sites\/4\/2023\/01\/M1-internships-Kevin-POTTER-1.jpg\"><img loading=\"lazy\" decoding=\"async\" class=\"size-full wp-image-2006 aligncenter\" src=\"https:\/\/www.nature-conservation-ubfc.com\/emme\/wp-content\/uploads\/sites\/4\/2023\/01\/M1-internships-Kevin-POTTER-1.jpg\" alt=\"\" width=\"1240\" height=\"601\" srcset=\"https:\/\/www.nature-conservation-ubfc.com\/emme\/wp-content\/uploads\/sites\/4\/2023\/01\/M1-internships-Kevin-POTTER-1.jpg 1240w, https:\/\/www.nature-conservation-ubfc.com\/emme\/wp-content\/uploads\/sites\/4\/2023\/01\/M1-internships-Kevin-POTTER-1-980x475.jpg 980w, https:\/\/www.nature-conservation-ubfc.com\/emme\/wp-content\/uploads\/sites\/4\/2023\/01\/M1-internships-Kevin-POTTER-1-480x233.jpg 480w\" sizes=\"(min-width: 0px) and (max-width: 480px) 480px, (min-width: 481px) and (max-width: 980px) 980px, (min-width: 981px) 1240px, 100vw\" \/><\/a><\/pre>\n<p>Kevin effectue son Master en Contrat de professionnalisation en alternance et, \u00e0 ce titre, effectue son stage chez son employeur : Conservatoire d&rsquo;Espaces Naturels (CEN) des Hauts-de-France. Il \u00e9tudie la distribution et la dynamique des populations de <em>Dicranum spurium<\/em> (Hedw.,1801) dans les landes s\u00e8ches du nord de la France. Son stage comprend des travaux de terrain, de la bibliographie, des analyses statistiques et son objectif final est de tirer des conclusions sur les actions de gestion favorisant l&rsquo;esp\u00e8ce.<\/p>\n<p>&nbsp;<\/p>\n<h3 style=\"text-align: center\"><strong><em>Diana ORTIZ PEREZ<\/em><\/strong><\/h3>\n<pre style=\"text-align: center\"><a href=\"https:\/\/www.nature-conservation-ubfc.com\/emme\/wp-content\/uploads\/sites\/4\/2023\/01\/M1-internships-Diana-ORTIZ-PEREZ-1.jpg\"><img loading=\"lazy\" decoding=\"async\" class=\"size-full wp-image-2000 aligncenter\" src=\"https:\/\/www.nature-conservation-ubfc.com\/emme\/wp-content\/uploads\/sites\/4\/2023\/01\/M1-internships-Diana-ORTIZ-PEREZ-1.jpg\" alt=\"\" width=\"1240\" height=\"927\" srcset=\"https:\/\/www.nature-conservation-ubfc.com\/emme\/wp-content\/uploads\/sites\/4\/2023\/01\/M1-internships-Diana-ORTIZ-PEREZ-1.jpg 1240w, https:\/\/www.nature-conservation-ubfc.com\/emme\/wp-content\/uploads\/sites\/4\/2023\/01\/M1-internships-Diana-ORTIZ-PEREZ-1-980x733.jpg 980w, https:\/\/www.nature-conservation-ubfc.com\/emme\/wp-content\/uploads\/sites\/4\/2023\/01\/M1-internships-Diana-ORTIZ-PEREZ-1-480x359.jpg 480w\" sizes=\"(min-width: 0px) and (max-width: 480px) 480px, (min-width: 481px) and (max-width: 980px) 980px, (min-width: 981px) 1240px, 100vw\" \/><\/a><\/pre>\n<p>\u00ab\u00a0Comment les changements globaux ont-ils affect\u00e9 les populations et les communaut\u00e9s ?\u00a0\u00bb. C&rsquo;est ce \u00e0 quoi Diana devra r\u00e9pondre en utilisant des r\u00e9tro-observations de la biodiversit\u00e9 animale au cours de l&rsquo;Anthropoc\u00e8ne. Plus pr\u00e9cis\u00e9ment, elle utilisera des indices de pressions humaines sur les populations de chauves-souris. Diana travaille au Chrono-environnement Lab pour son stage. Elle est l&rsquo;une de nos \u00e9tudiantes internationales et, si cela vous int\u00e9resse, vous pouvez lire son r\u00e9cent entretien avec nous <a href=\"https:\/\/www.nature-conservation-ubfc.com\/emme\/en\/interview-with-diana-m1-international-student\/\">ici<\/a>.<\/p>\n<p>&nbsp;<\/p>\n<h3 style=\"text-align: center\"><strong><em>Justine FRISON<\/em><\/strong><\/h3>\n<pre><a href=\"https:\/\/www.nature-conservation-ubfc.com\/emme\/wp-content\/uploads\/sites\/4\/2023\/01\/M1-internships-Justine-FRISON-2-1.jpg\"><img loading=\"lazy\" decoding=\"async\" class=\"size-full wp-image-2005 aligncenter\" src=\"https:\/\/www.nature-conservation-ubfc.com\/emme\/wp-content\/uploads\/sites\/4\/2023\/01\/M1-internships-Justine-FRISON-2-1.jpg\" alt=\"\" width=\"584\" height=\"853\" srcset=\"https:\/\/www.nature-conservation-ubfc.com\/emme\/wp-content\/uploads\/sites\/4\/2023\/01\/M1-internships-Justine-FRISON-2-1.jpg 584w, https:\/\/www.nature-conservation-ubfc.com\/emme\/wp-content\/uploads\/sites\/4\/2023\/01\/M1-internships-Justine-FRISON-2-1-480x701.jpg 480w\" sizes=\"(min-width: 0px) and (max-width: 480px) 480px, (min-width: 481px) 584px, 100vw\" \/><\/a><\/pre>\n<p style=\"text-align: left\">Justine effectue \u00e9galement son stage au sein du Laboratoire Chrono-environnement, en r\u00e9alisant un diagnostic pal\u00e9olimnologique du lac de Bonlieu dans le d\u00e9partement du Jura. Son travail comporte de nombreuses t\u00e2ches, mais le point central de son projet est de rechercher et d&rsquo;identifier les assemblages de chironomes dans les s\u00e9diments du lac afin de reconstituer la trajectoire \u00e9cologique du lac au cours des deux derniers mill\u00e9naires en utilisant l&rsquo;\u00e9cologie de ces organismes. Son objectif est de d\u00e9terminer si le fonctionnement du lac est naturel ou s&rsquo;il est perturb\u00e9. Dans le cadre de cette \u00e9tude, elle utilise l&rsquo;analyse des isotopes stables des \u00e9phippes pour \u00e9tudier le taux de carbone organique et d&rsquo;azote des s\u00e9diments, ainsi que la chlorophylle<\/p>\n<p>&nbsp;<\/p>\n<h3 style=\"text-align: center\"><strong><em>Marius PAVAT<\/em><\/strong><\/h3>\n<p>Marius effectue son stage aupr\u00e8s de la Chambre d&rsquo;Agriculture du d\u00e9partement du Doubs. Il analyse la richesse floristique des prairies permanentes dans le cadre de leur projet \u00ab\u00a0Paiements pour services environnementaux\u00a0\u00bb. Son travail consiste \u00e0 r\u00e9aliser des inventaires floristiques dans des parcelles agricoles puis \u00e0 les cartographier..<\/p>\n<p>&nbsp;<\/p>\n<h3 style=\"text-align: center\"><strong><em>Hugo JEANNELLE<\/em><\/strong><\/h3>\n<p><a href=\"https:\/\/www.nature-conservation-ubfc.com\/emme\/wp-content\/uploads\/sites\/4\/2023\/01\/M1-internships-Hugo-JEANNELLE-1.jpg\"><img loading=\"lazy\" decoding=\"async\" class=\"size-full wp-image-2027 aligncenter\" src=\"https:\/\/www.nature-conservation-ubfc.com\/emme\/wp-content\/uploads\/sites\/4\/2023\/01\/M1-internships-Hugo-JEANNELLE-1.jpg\" alt=\"\" width=\"685\" height=\"919\" srcset=\"https:\/\/www.nature-conservation-ubfc.com\/emme\/wp-content\/uploads\/sites\/4\/2023\/01\/M1-internships-Hugo-JEANNELLE-1.jpg 685w, https:\/\/www.nature-conservation-ubfc.com\/emme\/wp-content\/uploads\/sites\/4\/2023\/01\/M1-internships-Hugo-JEANNELLE-1-480x644.jpg 480w\" sizes=\"(min-width: 0px) and (max-width: 480px) 480px, (min-width: 481px) 685px, 100vw\" \/><\/a><br \/>\nPour son stage, Hugo \u00e9tudie la possible saisonnalit\u00e9 de la pr\u00e9sence\/absence du parasite <em>Echinococcus multilocularis<\/em> dans les f\u00e8ces des carnivores dans 3 zones end\u00e9miques. Sa structure d&rsquo;accueil est le Laboratoire Chrono-environnement, et il se concentre sur l&rsquo;analyse statistique et spatiale de donn\u00e9es collect\u00e9es tous les 2 mois au cours des 2-3 derni\u00e8res ann\u00e9es.<\/p>\n<p><a href=\"https:\/\/www.nature-conservation-ubfc.com\/emme\/wp-content\/uploads\/sites\/4\/2023\/01\/M1-internships-Hugo-JEANNELLE-2-1.jpg\"><img loading=\"lazy\" decoding=\"async\" class=\" wp-image-2003 aligncenter\" src=\"https:\/\/www.nature-conservation-ubfc.com\/emme\/wp-content\/uploads\/sites\/4\/2023\/01\/M1-internships-Hugo-JEANNELLE-2-1.jpg\" alt=\"\" width=\"475\" height=\"634\" \/><\/a><\/p>\n<p>&nbsp;<\/p>\n<h3 style=\"text-align: center\"><strong><em>Ma\u00ebl MARGUET<\/em><\/strong><\/h3>\n<p>Ma\u00ebl effectue son stage au Laboratoire Chrono-environnement \u00e0 Besan\u00e7on. Son projet consiste \u00e0 \u00e9tudier l&rsquo;impact des perturbations des bassins versants sur l&rsquo;origine et le transfert du carbone consomm\u00e9 dans les lacs de la for\u00eat bor\u00e9ale canadienne.<\/p>\n<p>&nbsp;<\/p>\n<h3 style=\"text-align: center\"><strong><em>Em JOHAN<\/em><\/strong><\/h3>\n<div id=\"attachment_2001\" style=\"width: 696px\" class=\"wp-caption aligncenter\"><a href=\"https:\/\/www.nature-conservation-ubfc.com\/emme\/wp-content\/uploads\/sites\/4\/2023\/01\/M1-internships-Em-JOHAN-Author-Havran-Poustevnik-1.jpg\"><img loading=\"lazy\" decoding=\"async\" aria-describedby=\"caption-attachment-2001\" class=\"wp-image-2001 size-full\" src=\"https:\/\/www.nature-conservation-ubfc.com\/emme\/wp-content\/uploads\/sites\/4\/2023\/01\/M1-internships-Em-JOHAN-Author-Havran-Poustevnik-1.jpg\" alt=\"\" width=\"686\" height=\"499\" srcset=\"https:\/\/www.nature-conservation-ubfc.com\/emme\/wp-content\/uploads\/sites\/4\/2023\/01\/M1-internships-Em-JOHAN-Author-Havran-Poustevnik-1.jpg 686w, https:\/\/www.nature-conservation-ubfc.com\/emme\/wp-content\/uploads\/sites\/4\/2023\/01\/M1-internships-Em-JOHAN-Author-Havran-Poustevnik-1-480x349.jpg 480w\" sizes=\"(min-width: 0px) and (max-width: 480px) 480px, (min-width: 481px) 686px, 100vw\" \/><\/a><p id=\"caption-attachment-2001\" class=\"wp-caption-text\">Petit rhinolophe (<em>Rhinolophus hipposideros<\/em>). Cr\u00e9dit photo Havran Poustevnik<\/p><\/div>\n<p>Em effectue son stage au sein d&rsquo;une association naturaliste appel\u00e9e Renard (<em>REgroupement des Naturalistes ARDennais<\/em>) dans le cadre d&rsquo;une mission de la DREAL (<em>Direction r\u00e9gionale de l&rsquo;environnement, de l&rsquo;am\u00e9nagement et du logement<\/em>). L&rsquo;association \u00e9tudie la zone de chasse du Petit rhinolophe (<em>Rhinolophus hipposideros<\/em>), au sein de la zone prot\u00e9g\u00e9e Natura 2000 que l&rsquo;esp\u00e8ce habite, en r\u00e9alisant une cartographie et en effectuant des \u00e9tudes acoustiques. Le projet vise \u00e9galement \u00e0 organiser une session de radiopistage pour pi\u00e9ger et suivre ces cr\u00e9atures la nuit.<\/p>\n<p>&nbsp;<\/p>\n<h3 style=\"text-align: center\"><strong><em>Alisa SHAKUROVA<\/em><\/strong><\/h3>\n<pre style=\"text-align: center\"><a href=\"https:\/\/www.nature-conservation-ubfc.com\/emme\/wp-content\/uploads\/sites\/4\/2023\/01\/M1-internships-Alisa-SHAKUROVA-1.jpg\"><img loading=\"lazy\" decoding=\"async\" class=\"size-full wp-image-2008 aligncenter\" src=\"https:\/\/www.nature-conservation-ubfc.com\/emme\/wp-content\/uploads\/sites\/4\/2023\/01\/M1-internships-Alisa-SHAKUROVA-1.jpg\" alt=\"\" width=\"686\" height=\"914\" srcset=\"https:\/\/www.nature-conservation-ubfc.com\/emme\/wp-content\/uploads\/sites\/4\/2023\/01\/M1-internships-Alisa-SHAKUROVA-1.jpg 686w, https:\/\/www.nature-conservation-ubfc.com\/emme\/wp-content\/uploads\/sites\/4\/2023\/01\/M1-internships-Alisa-SHAKUROVA-1-480x640.jpg 480w\" sizes=\"(min-width: 0px) and (max-width: 480px) 480px, (min-width: 481px) 686px, 100vw\" \/><\/a><\/pre>\n<p>Alisa est une autre de nos \u00e9tudiantes internationales que nous avons r\u00e9cemment <a href=\"https:\/\/www.nature-conservation-ubfc.com\/emme\/en\/interview-with-alisa-m1-international-student\/\">interview\u00e9e<\/a> et qui effectue son stage au Laboratoire Chrono-environnement, ax\u00e9 sur les sols. Plus pr\u00e9cis\u00e9ment, elle \u00e9tudie l&rsquo;\u00e9volution (de 2006 \u00e0 2019) des param\u00e8tres du sol (concentrations en m\u00e9taux, propri\u00e9t\u00e9s physico-chimiques, microorganismes) et leur influence sur les param\u00e8tres h\u00e9matologiques\/immunologiques du Mulot Sylvestre (<em>Apodemus sylvaticus<\/em>).<\/p>\n","protected":false},"excerpt":{"rendered":"<p>&nbsp; Avertissement : cet article contient la photo d&rsquo;un serpent.. Juin 2022 &#8211; La premi\u00e8re ann\u00e9e de master est presque termin\u00e9e pour la promotion 2021\/2022 du M1. Pendant l&rsquo;ann\u00e9e de M1, les stages ont une dur\u00e9e de 2 \u00e0 3 mois. La plupart des \u00e9tudiants ont commenc\u00e9 leur stage \u00e0 la fin du mois de [&hellip;]<\/p>\n","protected":false},"author":6,"featured_media":2004,"comment_status":"open","ping_status":"open","sticky":false,"template":"","format":"standard","meta":{"_et_pb_use_builder":"","_et_pb_old_content":"","_et_gb_content_width":"","footnotes":""},"categories":[1],"tags":[],"yoast_head":"<!-- This site is optimized with the Yoast SEO plugin v22.8 - https:\/\/yoast.com\/wordpress\/plugins\/seo\/ -->\n<title>Stages pour les \u00e9tudiants de M1 2021\/2022 - EMME<\/title>\n<meta name=\"robots\" content=\"index, follow, max-snippet:-1, max-image-preview:large, max-video-preview:-1\" \/>\n<link rel=\"canonical\" href=\"https:\/\/www.nature-conservation-ubfc.com\/emme\/fr\/stages-pour-les-etudiants-de-m1-2021-2022\/\" \/>\n<meta property=\"og:locale\" content=\"fr_FR\" \/>\n<meta property=\"og:type\" content=\"article\" \/>\n<meta property=\"og:title\" content=\"Stages pour les \u00e9tudiants de M1 2021\/2022 - EMME\" \/>\n<meta property=\"og:description\" content=\"&nbsp; Avertissement : cet article contient la photo d&rsquo;un serpent.. Juin 2022 &#8211; La premi\u00e8re ann\u00e9e de master est presque termin\u00e9e pour la promotion 2021\/2022 du M1. Pendant l&rsquo;ann\u00e9e de M1, les stages ont une dur\u00e9e de 2 \u00e0 3 mois. La plupart des \u00e9tudiants ont commenc\u00e9 leur stage \u00e0 la fin du mois de [&hellip;]\" \/>\n<meta property=\"og:url\" content=\"https:\/\/www.nature-conservation-ubfc.com\/emme\/fr\/stages-pour-les-etudiants-de-m1-2021-2022\/\" \/>\n<meta property=\"og:site_name\" content=\"EMME\" \/>\n<meta property=\"article:published_time\" content=\"2022-06-07T08:30:44+00:00\" \/>\n<meta property=\"article:modified_time\" content=\"2023-01-27T09:57:43+00:00\" \/>\n<meta property=\"og:image\" content=\"https:\/\/www.nature-conservation-ubfc.com\/emme\/wp-content\/uploads\/sites\/4\/2023\/01\/M1-internships-Justine-FRISON-1-1.jpg\" \/>\n\t<meta property=\"og:image:width\" content=\"586\" \/>\n\t<meta property=\"og:image:height\" content=\"995\" \/>\n\t<meta property=\"og:image:type\" content=\"image\/jpeg\" \/>\n<meta name=\"author\" content=\"rscheifler\" \/>\n<meta name=\"twitter:card\" content=\"summary_large_image\" \/>\n<meta name=\"twitter:label1\" content=\"\u00c9crit par\" \/>\n\t<meta name=\"twitter:data1\" content=\"rscheifler\" \/>\n\t<meta name=\"twitter:label2\" content=\"Dur\u00e9e de lecture estim\u00e9e\" \/>\n\t<meta name=\"twitter:data2\" content=\"6 minutes\" \/>\n<script type=\"application\/ld+json\" class=\"yoast-schema-graph\">{\"@context\":\"https:\/\/schema.org\",\"@graph\":[{\"@type\":\"WebPage\",\"@id\":\"https:\/\/www.nature-conservation-ubfc.com\/emme\/fr\/stages-pour-les-etudiants-de-m1-2021-2022\/\",\"url\":\"https:\/\/www.nature-conservation-ubfc.com\/emme\/fr\/stages-pour-les-etudiants-de-m1-2021-2022\/\",\"name\":\"Stages pour les \u00e9tudiants de M1 2021\/2022 - EMME\",\"isPartOf\":{\"@id\":\"https:\/\/www.nature-conservation-ubfc.com\/emme\/#website\"},\"primaryImageOfPage\":{\"@id\":\"https:\/\/www.nature-conservation-ubfc.com\/emme\/fr\/stages-pour-les-etudiants-de-m1-2021-2022\/#primaryimage\"},\"image\":{\"@id\":\"https:\/\/www.nature-conservation-ubfc.com\/emme\/fr\/stages-pour-les-etudiants-de-m1-2021-2022\/#primaryimage\"},\"thumbnailUrl\":\"https:\/\/www.nature-conservation-ubfc.com\/emme\/wp-content\/uploads\/sites\/4\/2023\/01\/M1-internships-Justine-FRISON-1-1.jpg\",\"datePublished\":\"2022-06-07T08:30:44+00:00\",\"dateModified\":\"2023-01-27T09:57:43+00:00\",\"author\":{\"@id\":\"https:\/\/www.nature-conservation-ubfc.com\/emme\/#\/schema\/person\/c9eba3aa377d5d37abfeda3545fc3a0a\"},\"breadcrumb\":{\"@id\":\"https:\/\/www.nature-conservation-ubfc.com\/emme\/fr\/stages-pour-les-etudiants-de-m1-2021-2022\/#breadcrumb\"},\"inLanguage\":\"fr-FR\",\"potentialAction\":[{\"@type\":\"ReadAction\",\"target\":[\"https:\/\/www.nature-conservation-ubfc.com\/emme\/fr\/stages-pour-les-etudiants-de-m1-2021-2022\/\"]}]},{\"@type\":\"ImageObject\",\"inLanguage\":\"fr-FR\",\"@id\":\"https:\/\/www.nature-conservation-ubfc.com\/emme\/fr\/stages-pour-les-etudiants-de-m1-2021-2022\/#primaryimage\",\"url\":\"https:\/\/www.nature-conservation-ubfc.com\/emme\/wp-content\/uploads\/sites\/4\/2023\/01\/M1-internships-Justine-FRISON-1-1.jpg\",\"contentUrl\":\"https:\/\/www.nature-conservation-ubfc.com\/emme\/wp-content\/uploads\/sites\/4\/2023\/01\/M1-internships-Justine-FRISON-1-1.jpg\",\"width\":586,\"height\":995},{\"@type\":\"BreadcrumbList\",\"@id\":\"https:\/\/www.nature-conservation-ubfc.com\/emme\/fr\/stages-pour-les-etudiants-de-m1-2021-2022\/#breadcrumb\",\"itemListElement\":[{\"@type\":\"ListItem\",\"position\":1,\"name\":\"Accueil\",\"item\":\"https:\/\/www.nature-conservation-ubfc.com\/emme\/fr\/\"},{\"@type\":\"ListItem\",\"position\":2,\"name\":\"Stages pour les \u00e9tudiants de M1 2021\/2022\"}]},{\"@type\":\"WebSite\",\"@id\":\"https:\/\/www.nature-conservation-ubfc.com\/emme\/#website\",\"url\":\"https:\/\/www.nature-conservation-ubfc.com\/emme\/\",\"name\":\"EMME\",\"description\":\"\",\"potentialAction\":[{\"@type\":\"SearchAction\",\"target\":{\"@type\":\"EntryPoint\",\"urlTemplate\":\"https:\/\/www.nature-conservation-ubfc.com\/emme\/?s={search_term_string}\"},\"query-input\":\"required name=search_term_string\"}],\"inLanguage\":\"fr-FR\"},{\"@type\":\"Person\",\"@id\":\"https:\/\/www.nature-conservation-ubfc.com\/emme\/#\/schema\/person\/c9eba3aa377d5d37abfeda3545fc3a0a\",\"name\":\"rscheifler\",\"image\":{\"@type\":\"ImageObject\",\"inLanguage\":\"fr-FR\",\"@id\":\"https:\/\/www.nature-conservation-ubfc.com\/emme\/#\/schema\/person\/image\/\",\"url\":\"https:\/\/secure.gravatar.com\/avatar\/6517f3f13e26859434f55639b3aaf742?s=96&d=mm&r=g\",\"contentUrl\":\"https:\/\/secure.gravatar.com\/avatar\/6517f3f13e26859434f55639b3aaf742?s=96&d=mm&r=g\",\"caption\":\"rscheifler\"},\"url\":\"https:\/\/www.nature-conservation-ubfc.com\/emme\/author\/rscheifler\/\"}]}<\/script>\n<!-- \/ Yoast SEO plugin. -->","yoast_head_json":{"title":"Stages pour les \u00e9tudiants de M1 2021\/2022 - EMME","robots":{"index":"index","follow":"follow","max-snippet":"max-snippet:-1","max-image-preview":"max-image-preview:large","max-video-preview":"max-video-preview:-1"},"canonical":"https:\/\/www.nature-conservation-ubfc.com\/emme\/fr\/stages-pour-les-etudiants-de-m1-2021-2022\/","og_locale":"fr_FR","og_type":"article","og_title":"Stages pour les \u00e9tudiants de M1 2021\/2022 - EMME","og_description":"&nbsp; Avertissement : cet article contient la photo d&rsquo;un serpent.. Juin 2022 &#8211; La premi\u00e8re ann\u00e9e de master est presque termin\u00e9e pour la promotion 2021\/2022 du M1. Pendant l&rsquo;ann\u00e9e de M1, les stages ont une dur\u00e9e de 2 \u00e0 3 mois. La plupart des \u00e9tudiants ont commenc\u00e9 leur stage \u00e0 la fin du mois de [&hellip;]","og_url":"https:\/\/www.nature-conservation-ubfc.com\/emme\/fr\/stages-pour-les-etudiants-de-m1-2021-2022\/","og_site_name":"EMME","article_published_time":"2022-06-07T08:30:44+00:00","article_modified_time":"2023-01-27T09:57:43+00:00","og_image":[{"width":586,"height":995,"url":"https:\/\/www.nature-conservation-ubfc.com\/emme\/wp-content\/uploads\/sites\/4\/2023\/01\/M1-internships-Justine-FRISON-1-1.jpg","type":"image\/jpeg"}],"author":"rscheifler","twitter_card":"summary_large_image","twitter_misc":{"\u00c9crit par":"rscheifler","Dur\u00e9e de lecture estim\u00e9e":"6 minutes"},"schema":{"@context":"https:\/\/schema.org","@graph":[{"@type":"WebPage","@id":"https:\/\/www.nature-conservation-ubfc.com\/emme\/fr\/stages-pour-les-etudiants-de-m1-2021-2022\/","url":"https:\/\/www.nature-conservation-ubfc.com\/emme\/fr\/stages-pour-les-etudiants-de-m1-2021-2022\/","name":"Stages pour les \u00e9tudiants de M1 2021\/2022 - EMME","isPartOf":{"@id":"https:\/\/www.nature-conservation-ubfc.com\/emme\/#website"},"primaryImageOfPage":{"@id":"https:\/\/www.nature-conservation-ubfc.com\/emme\/fr\/stages-pour-les-etudiants-de-m1-2021-2022\/#primaryimage"},"image":{"@id":"https:\/\/www.nature-conservation-ubfc.com\/emme\/fr\/stages-pour-les-etudiants-de-m1-2021-2022\/#primaryimage"},"thumbnailUrl":"https:\/\/www.nature-conservation-ubfc.com\/emme\/wp-content\/uploads\/sites\/4\/2023\/01\/M1-internships-Justine-FRISON-1-1.jpg","datePublished":"2022-06-07T08:30:44+00:00","dateModified":"2023-01-27T09:57:43+00:00","author":{"@id":"https:\/\/www.nature-conservation-ubfc.com\/emme\/#\/schema\/person\/c9eba3aa377d5d37abfeda3545fc3a0a"},"breadcrumb":{"@id":"https:\/\/www.nature-conservation-ubfc.com\/emme\/fr\/stages-pour-les-etudiants-de-m1-2021-2022\/#breadcrumb"},"inLanguage":"fr-FR","potentialAction":[{"@type":"ReadAction","target":["https:\/\/www.nature-conservation-ubfc.com\/emme\/fr\/stages-pour-les-etudiants-de-m1-2021-2022\/"]}]},{"@type":"ImageObject","inLanguage":"fr-FR","@id":"https:\/\/www.nature-conservation-ubfc.com\/emme\/fr\/stages-pour-les-etudiants-de-m1-2021-2022\/#primaryimage","url":"https:\/\/www.nature-conservation-ubfc.com\/emme\/wp-content\/uploads\/sites\/4\/2023\/01\/M1-internships-Justine-FRISON-1-1.jpg","contentUrl":"https:\/\/www.nature-conservation-ubfc.com\/emme\/wp-content\/uploads\/sites\/4\/2023\/01\/M1-internships-Justine-FRISON-1-1.jpg","width":586,"height":995},{"@type":"BreadcrumbList","@id":"https:\/\/www.nature-conservation-ubfc.com\/emme\/fr\/stages-pour-les-etudiants-de-m1-2021-2022\/#breadcrumb","itemListElement":[{"@type":"ListItem","position":1,"name":"Accueil","item":"https:\/\/www.nature-conservation-ubfc.com\/emme\/fr\/"},{"@type":"ListItem","position":2,"name":"Stages pour les \u00e9tudiants de M1 2021\/2022"}]},{"@type":"WebSite","@id":"https:\/\/www.nature-conservation-ubfc.com\/emme\/#website","url":"https:\/\/www.nature-conservation-ubfc.com\/emme\/","name":"EMME","description":"","potentialAction":[{"@type":"SearchAction","target":{"@type":"EntryPoint","urlTemplate":"https:\/\/www.nature-conservation-ubfc.com\/emme\/?s={search_term_string}"},"query-input":"required name=search_term_string"}],"inLanguage":"fr-FR"},{"@type":"Person","@id":"https:\/\/www.nature-conservation-ubfc.com\/emme\/#\/schema\/person\/c9eba3aa377d5d37abfeda3545fc3a0a","name":"rscheifler","image":{"@type":"ImageObject","inLanguage":"fr-FR","@id":"https:\/\/www.nature-conservation-ubfc.com\/emme\/#\/schema\/person\/image\/","url":"https:\/\/secure.gravatar.com\/avatar\/6517f3f13e26859434f55639b3aaf742?s=96&d=mm&r=g","contentUrl":"https:\/\/secure.gravatar.com\/avatar\/6517f3f13e26859434f55639b3aaf742?s=96&d=mm&r=g","caption":"rscheifler"},"url":"https:\/\/www.nature-conservation-ubfc.com\/emme\/author\/rscheifler\/"}]}},"_links":{"self":[{"href":"https:\/\/www.nature-conservation-ubfc.com\/emme\/wp-json\/wp\/v2\/posts\/2146"}],"collection":[{"href":"https:\/\/www.nature-conservation-ubfc.com\/emme\/wp-json\/wp\/v2\/posts"}],"about":[{"href":"https:\/\/www.nature-conservation-ubfc.com\/emme\/wp-json\/wp\/v2\/types\/post"}],"author":[{"embeddable":true,"href":"https:\/\/www.nature-conservation-ubfc.com\/emme\/wp-json\/wp\/v2\/users\/6"}],"replies":[{"embeddable":true,"href":"https:\/\/www.nature-conservation-ubfc.com\/emme\/wp-json\/wp\/v2\/comments?post=2146"}],"version-history":[{"count":7,"href":"https:\/\/www.nature-conservation-ubfc.com\/emme\/wp-json\/wp\/v2\/posts\/2146\/revisions"}],"predecessor-version":[{"id":2163,"href":"https:\/\/www.nature-conservation-ubfc.com\/emme\/wp-json\/wp\/v2\/posts\/2146\/revisions\/2163"}],"wp:featuredmedia":[{"embeddable":true,"href":"https:\/\/www.nature-conservation-ubfc.com\/emme\/wp-json\/wp\/v2\/media\/2004"}],"wp:attachment":[{"href":"https:\/\/www.nature-conservation-ubfc.com\/emme\/wp-json\/wp\/v2\/media?parent=2146"}],"wp:term":[{"taxonomy":"category","embeddable":true,"href":"https:\/\/www.nature-conservation-ubfc.com\/emme\/wp-json\/wp\/v2\/categories?post=2146"},{"taxonomy":"post_tag","embeddable":true,"href":"https:\/\/www.nature-conservation-ubfc.com\/emme\/wp-json\/wp\/v2\/tags?post=2146"}],"curies":[{"name":"wp","href":"https:\/\/api.w.org\/{rel}","templated":true}]}}