{"id":2070,"date":"2022-09-25T14:17:19","date_gmt":"2022-09-25T12:17:19","guid":{"rendered":"https:\/\/www.nature-conservation-ubfc.com\/emme\/?p=2070"},"modified":"2023-01-21T22:15:05","modified_gmt":"2023-01-21T21:15:05","slug":"emme-integration-weekend-2022","status":"publish","type":"post","link":"https:\/\/www.nature-conservation-ubfc.com\/emme\/en\/emme-integration-weekend-2022\/","title":{"rendered":"EMME Integration Weekend 2022"},"content":{"rendered":"<p>September 2022 \u2013 Every September, the academic year for the Master EMME begins with an<a href=\"https:\/\/www.nature-conservation-ubfc.com\/emme\/en\/ifs\/\"> Introductory Field Session (IFS)<\/a> \u2013 a teaching unit taught during both the <a href=\"https:\/\/www.nature-conservation-ubfc.com\/emme\/en\/introductory-field-session-ifs-2021\/\">M1<\/a> and <a href=\"https:\/\/www.nature-conservation-ubfc.com\/emme\/en\/m2-introductory-field-session-ifs-2022\/\">M2<\/a> years of the Master\u2019s. This year, the weekend between these two IFS courses offered the perfect opportunity for students from both years to once again enjoy an <a href=\"https:\/\/www.nature-conservation-ubfc.com\/emme\/en\/2021-integration-weekend\/\">EMME integration weekend<\/a>. Organised by M2 students and paid for by the Master\u2019s programme, the aim of this weekend retreat was to welcome new students to the course while offering them a chance to meet their peers and explore some of the beautiful outdoors of Franche-Comt\u00e9.<\/p>\n<p><a href=\"https:\/\/www.nature-conservation-ubfc.com\/emme\/wp-content\/uploads\/sites\/4\/2023\/01\/EMME-Integration-Weekend-2022-2.jpg\"><img loading=\"lazy\" decoding=\"async\" class=\"size-full wp-image-2072 aligncenter\" src=\"https:\/\/www.nature-conservation-ubfc.com\/emme\/wp-content\/uploads\/sites\/4\/2023\/01\/EMME-Integration-Weekend-2022-2.jpg\" alt=\"\" width=\"1235\" height=\"925\" srcset=\"https:\/\/www.nature-conservation-ubfc.com\/emme\/wp-content\/uploads\/sites\/4\/2023\/01\/EMME-Integration-Weekend-2022-2.jpg 1235w, https:\/\/www.nature-conservation-ubfc.com\/emme\/wp-content\/uploads\/sites\/4\/2023\/01\/EMME-Integration-Weekend-2022-2-980x734.jpg 980w, https:\/\/www.nature-conservation-ubfc.com\/emme\/wp-content\/uploads\/sites\/4\/2023\/01\/EMME-Integration-Weekend-2022-2-480x360.jpg 480w\" sizes=\"(min-width: 0px) and (max-width: 480px) 480px, (min-width: 481px) and (max-width: 980px) 980px, (min-width: 981px) 1235px, 100vw\" \/><\/a><\/p>\n<p>&nbsp;<\/p>\n<p>In addition to the great food provided by the <em><a href=\"https:\/\/www.les-fauvettes.fr\/center\/levier-scolaires\">Centre de vacances Les Fauvettes<\/a>,<\/em> the students enjoyed plenty of fun indoor and outdoor activities, including hiking, games in the forest, installing camera traps, playing table tennis and badminton, and yoga sessions to name just a few. Each M1 student also used this weekend to randomly choose a student from the M2 year to act as their \u201cmentor\u201d for the upcoming year, giving them an opportunity to ask questions about a range of topics including the EMME programme, internships, or general student life in Besan\u00e7on.<\/p>\n<p><a href=\"https:\/\/www.nature-conservation-ubfc.com\/emme\/wp-content\/uploads\/sites\/4\/2023\/01\/EMME-Integration-Weekend-2022-3.jpg\"><img loading=\"lazy\" decoding=\"async\" class=\"size-full wp-image-2073 aligncenter\" src=\"https:\/\/www.nature-conservation-ubfc.com\/emme\/wp-content\/uploads\/sites\/4\/2023\/01\/EMME-Integration-Weekend-2022-3.jpg\" alt=\"\" width=\"1236\" height=\"822\" srcset=\"https:\/\/www.nature-conservation-ubfc.com\/emme\/wp-content\/uploads\/sites\/4\/2023\/01\/EMME-Integration-Weekend-2022-3.jpg 1236w, https:\/\/www.nature-conservation-ubfc.com\/emme\/wp-content\/uploads\/sites\/4\/2023\/01\/EMME-Integration-Weekend-2022-3-980x652.jpg 980w, https:\/\/www.nature-conservation-ubfc.com\/emme\/wp-content\/uploads\/sites\/4\/2023\/01\/EMME-Integration-Weekend-2022-3-480x319.jpg 480w\" sizes=\"(min-width: 0px) and (max-width: 480px) 480px, (min-width: 481px) and (max-width: 980px) 980px, (min-width: 981px) 1236px, 100vw\" \/><\/a><\/p>\n","protected":false},"excerpt":{"rendered":"<p>September 2022 \u2013 Every September, the academic year for the Master EMME begins with an Introductory Field Session (IFS) \u2013 a teaching unit taught during both the M1 and M2 years of the Master\u2019s. This year, the weekend between these two IFS courses offered the perfect opportunity for students from both years to once again [&hellip;]<\/p>\n","protected":false},"author":6,"featured_media":2071,"comment_status":"open","ping_status":"open","sticky":false,"template":"","format":"standard","meta":{"_et_pb_use_builder":"","_et_pb_old_content":"","_et_gb_content_width":"","footnotes":""},"categories":[7],"tags":[],"yoast_head":"<!-- This site is optimized with the Yoast SEO plugin v22.8 - https:\/\/yoast.com\/wordpress\/plugins\/seo\/ -->\n<title>EMME Integration Weekend 2022 - EMME<\/title>\n<meta name=\"robots\" content=\"index, follow, max-snippet:-1, max-image-preview:large, max-video-preview:-1\" \/>\n<link rel=\"canonical\" href=\"https:\/\/www.nature-conservation-ubfc.com\/emme\/en\/emme-integration-weekend-2022\/\" \/>\n<meta property=\"og:locale\" content=\"fr_FR\" \/>\n<meta property=\"og:type\" content=\"article\" \/>\n<meta property=\"og:title\" content=\"EMME Integration Weekend 2022 - EMME\" \/>\n<meta property=\"og:description\" content=\"September 2022 \u2013 Every September, the academic year for the Master EMME begins with an Introductory Field Session (IFS) \u2013 a teaching unit taught during both the M1 and M2 years of the Master\u2019s. This year, the weekend between these two IFS courses offered the perfect opportunity for students from both years to once again [&hellip;]\" \/>\n<meta property=\"og:url\" content=\"https:\/\/www.nature-conservation-ubfc.com\/emme\/en\/emme-integration-weekend-2022\/\" \/>\n<meta property=\"og:site_name\" content=\"EMME\" \/>\n<meta property=\"article:published_time\" content=\"2022-09-25T12:17:19+00:00\" \/>\n<meta property=\"article:modified_time\" content=\"2023-01-21T21:15:05+00:00\" \/>\n<meta property=\"og:image\" content=\"https:\/\/www.nature-conservation-ubfc.com\/emme\/wp-content\/uploads\/sites\/4\/2023\/01\/EMME-Integration-Weekend-2022-1.jpg\" \/>\n\t<meta property=\"og:image:width\" content=\"1237\" \/>\n\t<meta property=\"og:image:height\" content=\"928\" \/>\n\t<meta property=\"og:image:type\" content=\"image\/jpeg\" \/>\n<meta name=\"author\" content=\"rscheifler\" \/>\n<meta name=\"twitter:card\" content=\"summary_large_image\" \/>\n<meta name=\"twitter:label1\" content=\"\u00c9crit par\" \/>\n\t<meta name=\"twitter:data1\" content=\"rscheifler\" \/>\n\t<meta name=\"twitter:label2\" content=\"Dur\u00e9e de lecture estim\u00e9e\" \/>\n\t<meta name=\"twitter:data2\" content=\"2 minutes\" \/>\n<script type=\"application\/ld+json\" class=\"yoast-schema-graph\">{\"@context\":\"https:\/\/schema.org\",\"@graph\":[{\"@type\":\"WebPage\",\"@id\":\"https:\/\/www.nature-conservation-ubfc.com\/emme\/en\/emme-integration-weekend-2022\/\",\"url\":\"https:\/\/www.nature-conservation-ubfc.com\/emme\/en\/emme-integration-weekend-2022\/\",\"name\":\"EMME Integration Weekend 2022 - EMME\",\"isPartOf\":{\"@id\":\"https:\/\/www.nature-conservation-ubfc.com\/emme\/#website\"},\"primaryImageOfPage\":{\"@id\":\"https:\/\/www.nature-conservation-ubfc.com\/emme\/en\/emme-integration-weekend-2022\/#primaryimage\"},\"image\":{\"@id\":\"https:\/\/www.nature-conservation-ubfc.com\/emme\/en\/emme-integration-weekend-2022\/#primaryimage\"},\"thumbnailUrl\":\"https:\/\/www.nature-conservation-ubfc.com\/emme\/wp-content\/uploads\/sites\/4\/2023\/01\/EMME-Integration-Weekend-2022-1.jpg\",\"datePublished\":\"2022-09-25T12:17:19+00:00\",\"dateModified\":\"2023-01-21T21:15:05+00:00\",\"author\":{\"@id\":\"https:\/\/www.nature-conservation-ubfc.com\/emme\/#\/schema\/person\/c9eba3aa377d5d37abfeda3545fc3a0a\"},\"breadcrumb\":{\"@id\":\"https:\/\/www.nature-conservation-ubfc.com\/emme\/en\/emme-integration-weekend-2022\/#breadcrumb\"},\"inLanguage\":\"fr-FR\",\"potentialAction\":[{\"@type\":\"ReadAction\",\"target\":[\"https:\/\/www.nature-conservation-ubfc.com\/emme\/en\/emme-integration-weekend-2022\/\"]}]},{\"@type\":\"ImageObject\",\"inLanguage\":\"fr-FR\",\"@id\":\"https:\/\/www.nature-conservation-ubfc.com\/emme\/en\/emme-integration-weekend-2022\/#primaryimage\",\"url\":\"https:\/\/www.nature-conservation-ubfc.com\/emme\/wp-content\/uploads\/sites\/4\/2023\/01\/EMME-Integration-Weekend-2022-1.jpg\",\"contentUrl\":\"https:\/\/www.nature-conservation-ubfc.com\/emme\/wp-content\/uploads\/sites\/4\/2023\/01\/EMME-Integration-Weekend-2022-1.jpg\",\"width\":1237,\"height\":928},{\"@type\":\"BreadcrumbList\",\"@id\":\"https:\/\/www.nature-conservation-ubfc.com\/emme\/en\/emme-integration-weekend-2022\/#breadcrumb\",\"itemListElement\":[{\"@type\":\"ListItem\",\"position\":1,\"name\":\"Accueil\",\"item\":\"https:\/\/www.nature-conservation-ubfc.com\/emme\/fr\/\"},{\"@type\":\"ListItem\",\"position\":2,\"name\":\"EMME Integration Weekend 2022\"}]},{\"@type\":\"WebSite\",\"@id\":\"https:\/\/www.nature-conservation-ubfc.com\/emme\/#website\",\"url\":\"https:\/\/www.nature-conservation-ubfc.com\/emme\/\",\"name\":\"EMME\",\"description\":\"\",\"potentialAction\":[{\"@type\":\"SearchAction\",\"target\":{\"@type\":\"EntryPoint\",\"urlTemplate\":\"https:\/\/www.nature-conservation-ubfc.com\/emme\/?s={search_term_string}\"},\"query-input\":\"required name=search_term_string\"}],\"inLanguage\":\"fr-FR\"},{\"@type\":\"Person\",\"@id\":\"https:\/\/www.nature-conservation-ubfc.com\/emme\/#\/schema\/person\/c9eba3aa377d5d37abfeda3545fc3a0a\",\"name\":\"rscheifler\",\"image\":{\"@type\":\"ImageObject\",\"inLanguage\":\"fr-FR\",\"@id\":\"https:\/\/www.nature-conservation-ubfc.com\/emme\/#\/schema\/person\/image\/\",\"url\":\"https:\/\/secure.gravatar.com\/avatar\/6517f3f13e26859434f55639b3aaf742?s=96&d=mm&r=g\",\"contentUrl\":\"https:\/\/secure.gravatar.com\/avatar\/6517f3f13e26859434f55639b3aaf742?s=96&d=mm&r=g\",\"caption\":\"rscheifler\"},\"url\":\"https:\/\/www.nature-conservation-ubfc.com\/emme\/author\/rscheifler\/\"}]}<\/script>\n<!-- \/ Yoast SEO plugin. -->","yoast_head_json":{"title":"EMME Integration Weekend 2022 - EMME","robots":{"index":"index","follow":"follow","max-snippet":"max-snippet:-1","max-image-preview":"max-image-preview:large","max-video-preview":"max-video-preview:-1"},"canonical":"https:\/\/www.nature-conservation-ubfc.com\/emme\/en\/emme-integration-weekend-2022\/","og_locale":"fr_FR","og_type":"article","og_title":"EMME Integration Weekend 2022 - EMME","og_description":"September 2022 \u2013 Every September, the academic year for the Master EMME begins with an Introductory Field Session (IFS) \u2013 a teaching unit taught during both the M1 and M2 years of the Master\u2019s. This year, the weekend between these two IFS courses offered the perfect opportunity for students from both years to once again [&hellip;]","og_url":"https:\/\/www.nature-conservation-ubfc.com\/emme\/en\/emme-integration-weekend-2022\/","og_site_name":"EMME","article_published_time":"2022-09-25T12:17:19+00:00","article_modified_time":"2023-01-21T21:15:05+00:00","og_image":[{"width":1237,"height":928,"url":"https:\/\/www.nature-conservation-ubfc.com\/emme\/wp-content\/uploads\/sites\/4\/2023\/01\/EMME-Integration-Weekend-2022-1.jpg","type":"image\/jpeg"}],"author":"rscheifler","twitter_card":"summary_large_image","twitter_misc":{"\u00c9crit par":"rscheifler","Dur\u00e9e de lecture estim\u00e9e":"2 minutes"},"schema":{"@context":"https:\/\/schema.org","@graph":[{"@type":"WebPage","@id":"https:\/\/www.nature-conservation-ubfc.com\/emme\/en\/emme-integration-weekend-2022\/","url":"https:\/\/www.nature-conservation-ubfc.com\/emme\/en\/emme-integration-weekend-2022\/","name":"EMME Integration Weekend 2022 - EMME","isPartOf":{"@id":"https:\/\/www.nature-conservation-ubfc.com\/emme\/#website"},"primaryImageOfPage":{"@id":"https:\/\/www.nature-conservation-ubfc.com\/emme\/en\/emme-integration-weekend-2022\/#primaryimage"},"image":{"@id":"https:\/\/www.nature-conservation-ubfc.com\/emme\/en\/emme-integration-weekend-2022\/#primaryimage"},"thumbnailUrl":"https:\/\/www.nature-conservation-ubfc.com\/emme\/wp-content\/uploads\/sites\/4\/2023\/01\/EMME-Integration-Weekend-2022-1.jpg","datePublished":"2022-09-25T12:17:19+00:00","dateModified":"2023-01-21T21:15:05+00:00","author":{"@id":"https:\/\/www.nature-conservation-ubfc.com\/emme\/#\/schema\/person\/c9eba3aa377d5d37abfeda3545fc3a0a"},"breadcrumb":{"@id":"https:\/\/www.nature-conservation-ubfc.com\/emme\/en\/emme-integration-weekend-2022\/#breadcrumb"},"inLanguage":"fr-FR","potentialAction":[{"@type":"ReadAction","target":["https:\/\/www.nature-conservation-ubfc.com\/emme\/en\/emme-integration-weekend-2022\/"]}]},{"@type":"ImageObject","inLanguage":"fr-FR","@id":"https:\/\/www.nature-conservation-ubfc.com\/emme\/en\/emme-integration-weekend-2022\/#primaryimage","url":"https:\/\/www.nature-conservation-ubfc.com\/emme\/wp-content\/uploads\/sites\/4\/2023\/01\/EMME-Integration-Weekend-2022-1.jpg","contentUrl":"https:\/\/www.nature-conservation-ubfc.com\/emme\/wp-content\/uploads\/sites\/4\/2023\/01\/EMME-Integration-Weekend-2022-1.jpg","width":1237,"height":928},{"@type":"BreadcrumbList","@id":"https:\/\/www.nature-conservation-ubfc.com\/emme\/en\/emme-integration-weekend-2022\/#breadcrumb","itemListElement":[{"@type":"ListItem","position":1,"name":"Accueil","item":"https:\/\/www.nature-conservation-ubfc.com\/emme\/fr\/"},{"@type":"ListItem","position":2,"name":"EMME Integration Weekend 2022"}]},{"@type":"WebSite","@id":"https:\/\/www.nature-conservation-ubfc.com\/emme\/#website","url":"https:\/\/www.nature-conservation-ubfc.com\/emme\/","name":"EMME","description":"","potentialAction":[{"@type":"SearchAction","target":{"@type":"EntryPoint","urlTemplate":"https:\/\/www.nature-conservation-ubfc.com\/emme\/?s={search_term_string}"},"query-input":"required name=search_term_string"}],"inLanguage":"fr-FR"},{"@type":"Person","@id":"https:\/\/www.nature-conservation-ubfc.com\/emme\/#\/schema\/person\/c9eba3aa377d5d37abfeda3545fc3a0a","name":"rscheifler","image":{"@type":"ImageObject","inLanguage":"fr-FR","@id":"https:\/\/www.nature-conservation-ubfc.com\/emme\/#\/schema\/person\/image\/","url":"https:\/\/secure.gravatar.com\/avatar\/6517f3f13e26859434f55639b3aaf742?s=96&d=mm&r=g","contentUrl":"https:\/\/secure.gravatar.com\/avatar\/6517f3f13e26859434f55639b3aaf742?s=96&d=mm&r=g","caption":"rscheifler"},"url":"https:\/\/www.nature-conservation-ubfc.com\/emme\/author\/rscheifler\/"}]}},"_links":{"self":[{"href":"https:\/\/www.nature-conservation-ubfc.com\/emme\/wp-json\/wp\/v2\/posts\/2070"}],"collection":[{"href":"https:\/\/www.nature-conservation-ubfc.com\/emme\/wp-json\/wp\/v2\/posts"}],"about":[{"href":"https:\/\/www.nature-conservation-ubfc.com\/emme\/wp-json\/wp\/v2\/types\/post"}],"author":[{"embeddable":true,"href":"https:\/\/www.nature-conservation-ubfc.com\/emme\/wp-json\/wp\/v2\/users\/6"}],"replies":[{"embeddable":true,"href":"https:\/\/www.nature-conservation-ubfc.com\/emme\/wp-json\/wp\/v2\/comments?post=2070"}],"version-history":[{"count":5,"href":"https:\/\/www.nature-conservation-ubfc.com\/emme\/wp-json\/wp\/v2\/posts\/2070\/revisions"}],"predecessor-version":[{"id":2078,"href":"https:\/\/www.nature-conservation-ubfc.com\/emme\/wp-json\/wp\/v2\/posts\/2070\/revisions\/2078"}],"wp:featuredmedia":[{"embeddable":true,"href":"https:\/\/www.nature-conservation-ubfc.com\/emme\/wp-json\/wp\/v2\/media\/2071"}],"wp:attachment":[{"href":"https:\/\/www.nature-conservation-ubfc.com\/emme\/wp-json\/wp\/v2\/media?parent=2070"}],"wp:term":[{"taxonomy":"category","embeddable":true,"href":"https:\/\/www.nature-conservation-ubfc.com\/emme\/wp-json\/wp\/v2\/categories?post=2070"},{"taxonomy":"post_tag","embeddable":true,"href":"https:\/\/www.nature-conservation-ubfc.com\/emme\/wp-json\/wp\/v2\/tags?post=2070"}],"curies":[{"name":"wp","href":"https:\/\/api.w.org\/{rel}","templated":true}]}}