{"id":2051,"date":"2022-09-18T12:57:53","date_gmt":"2022-09-18T10:57:53","guid":{"rendered":"https:\/\/www.nature-conservation-ubfc.com\/emme\/?p=2051"},"modified":"2023-01-23T11:01:08","modified_gmt":"2023-01-23T10:01:08","slug":"m2-introductory-field-session-ifs-2022","status":"publish","type":"post","link":"https:\/\/www.nature-conservation-ubfc.com\/emme\/en\/m2-introductory-field-session-ifs-2022\/","title":{"rendered":"M2 Introductory Field Session (IFS) &#8211; 2022"},"content":{"rendered":"<p>September 2022 \u2013 A new academic year, and a new Introductory Field Session (IFS) for the EMME M2 students. They started their second year in the Franche-Comt\u00e9 countryside, hosted at the <a href=\"https:\/\/www.les-fauvettes.fr\/center\/levier-scolaires\"><em>Centre de vacances Les Fauvettes<\/em><\/a> in Levier. They spent this first week with students from three other Master\u2019s programmes: BGS (<em>Biog\u00e9osciences<\/em>) at the universities of<a href=\"https:\/\/www.unine.ch\/unine\/home\/formation\/masters\/sciences\/biogeosciences.html\"> Neuch\u00e2tel<\/a> and <a href=\"https:\/\/www.unil.ch\/formations\/en\/home\/menuinst\/masters\/biogeosciences.html\">Lausanne<\/a>, <a href=\"https:\/\/www.nature-conservation-ubfc.com\/dycob\/presentation\/\">DyCoB<\/a> (<em>Dynamique et Conservation de la Biodiversit\u00e9<\/em>) at the University of Burgundy, and<a href=\"http:\/\/formation.univ-fcomte.fr\/master\/archeologie-sciences-pour-larcheologie-archeologie-culture-territoire-environnement\"> ASA<\/a> (<em>Arch\u00e9ologie, Sciences pour l\u2019Arch\u00e9ologie<\/em>) at the University of Franche-Comt\u00e9.<\/p>\n<p>&nbsp;<\/p>\n<p><a href=\"https:\/\/www.nature-conservation-ubfc.com\/emme\/wp-content\/uploads\/sites\/4\/2023\/01\/M2-IFS-2022-2.jpg\"><img loading=\"lazy\" decoding=\"async\" class=\"size-full wp-image-2053 aligncenter\" src=\"https:\/\/www.nature-conservation-ubfc.com\/emme\/wp-content\/uploads\/sites\/4\/2023\/01\/M2-IFS-2022-2.jpg\" alt=\"\" width=\"1219\" height=\"469\" srcset=\"https:\/\/www.nature-conservation-ubfc.com\/emme\/wp-content\/uploads\/sites\/4\/2023\/01\/M2-IFS-2022-2.jpg 1219w, https:\/\/www.nature-conservation-ubfc.com\/emme\/wp-content\/uploads\/sites\/4\/2023\/01\/M2-IFS-2022-2-980x377.jpg 980w, https:\/\/www.nature-conservation-ubfc.com\/emme\/wp-content\/uploads\/sites\/4\/2023\/01\/M2-IFS-2022-2-480x185.jpg 480w\" sizes=\"(min-width: 0px) and (max-width: 480px) 480px, (min-width: 481px) and (max-width: 980px) 980px, (min-width: 981px) 1219px, 100vw\" \/><\/a><\/p>\n<p>The week began with a visit to the museum at Levier to see a short exhibit of archaeology, after which the group split up to discover more of the ecosystems of the Jura massif, including wetlands and the <a href=\"https:\/\/www.frasnedrugeon-cfd.fr\/la-decouverte-du-territoire-activites-et-animations\/sites-a-visiter\/les-sites-naturels-amenages\/la-reserve-naturelle-regionale-des-tourbieres-de-frasne-et-bouverans\/\">Regional Nature Reserve of Peatlands of Frasne and Bouverans<\/a>. The rest of the week was dedicated to field work, analysing collected data, socialising, sharing delicious meals provided by <em>Les Fauvettes<\/em>, and preparing group presentations to be given at the end of the week.<\/p>\n<p>&nbsp;<\/p>\n<p>Students from the four Master\u2019s programmes formed mixed teams according to their preferences and skills to work on one of the following seven topics, with assistance and supervision from lecturers from the four different universities:<a href=\"https:\/\/www.nature-conservation-ubfc.com\/emme\/wp-content\/uploads\/sites\/4\/2023\/01\/M2-IFS-2022-3.jpg\"><img loading=\"lazy\" decoding=\"async\" class=\"wp-image-2054 alignright\" src=\"https:\/\/www.nature-conservation-ubfc.com\/emme\/wp-content\/uploads\/sites\/4\/2023\/01\/M2-IFS-2022-3.jpg\" alt=\"\" width=\"486\" height=\"610\" srcset=\"https:\/\/www.nature-conservation-ubfc.com\/emme\/wp-content\/uploads\/sites\/4\/2023\/01\/M2-IFS-2022-3.jpg 486w, https:\/\/www.nature-conservation-ubfc.com\/emme\/wp-content\/uploads\/sites\/4\/2023\/01\/M2-IFS-2022-3-480x603.jpg 480w\" sizes=\"(min-width: 0px) and (max-width: 480px) 480px, (min-width: 481px) 486px, 100vw\" \/><\/a><\/p>\n<ul>\n<li>Spatio-temporal variability of carbon flux between peatlands and the atmosphere (<a href=\"https:\/\/chrono-environnement.univ-fcomte.fr\/spip.php?page=perso&amp;nom=LHOSMOT&amp;prenom=Alexandre&amp;lang=fr\">Alexandre Lhosmot<\/a>)<\/li>\n<li>Predicting peatland functioning and assessing impacts of climate change and ecological restoration using testate amoebae (Edward Mitchell, Arnaud Dano)<\/li>\n<li>Peatland as archives of past vegetation and human impact (<a href=\"https:\/\/chrono-environnement.univ-fcomte.fr\/spip.php?page=perso&amp;nom=GAUTHIER&amp;prenom=Emilie&amp;lang=fr\">Emilie Gauthier<\/a>)<\/li>\n<li>Inferring greenhouse gas fluxes in peatlands using testate amoebae (Robin Calisti, Elizaveta Ermolaeva)<\/li>\n<li>Can parasitism be a good indicator of stream quality? (Lo\u00efc Bollache)<\/li>\n<li>Mitigation of wildlife-vehicle collision risks (<a href=\"https:\/\/chrono-environnement.univ-fcomte.fr\/spip.php?page=perso&amp;nom=RAOUL&amp;prenom=Francis&amp;lang=fr\">Francis Raoul<\/a>)<\/li>\n<li>Risk assessment of bromadiolone for the Red fox (<em>Vulpes vulpes<\/em>) during control operations of Water Voles (<em>Arvicola amphibius<\/em>) in grassland (<a href=\"https:\/\/chrono-environnement.univ-fcomte.fr\/spip.php?page=perso&amp;nom=COEURDASSIER&amp;prenom=Micha%C3%ABl&amp;lang=fr\">Michael Co\u00eburdassier<\/a>, Francis Raoul)<\/li>\n<\/ul>\n<p>&nbsp;<\/p>\n<p><a href=\"https:\/\/www.nature-conservation-ubfc.com\/emme\/wp-content\/uploads\/sites\/4\/2023\/01\/M2-IFS-2022-4.jpg\"><img loading=\"lazy\" decoding=\"async\" class=\"wp-image-2055 aligncenter\" src=\"https:\/\/www.nature-conservation-ubfc.com\/emme\/wp-content\/uploads\/sites\/4\/2023\/01\/M2-IFS-2022-4.jpg\" alt=\"\" width=\"368\" height=\"610\" \/><\/a><\/p>\n<p>&nbsp;<\/p>\n<p>This IFS was the first teaching unit of the year for the students, and although it involved hard work during the week, they still managed to enjoy their experience in the Jura and got to know each other during field sessions and free time in the evenings.<\/p>\n<p><a href=\"https:\/\/www.nature-conservation-ubfc.com\/emme\/wp-content\/uploads\/sites\/4\/2023\/01\/M2-IFS-2022-5.jpg\"><img loading=\"lazy\" decoding=\"async\" class=\"size-full wp-image-2056 aligncenter\" src=\"https:\/\/www.nature-conservation-ubfc.com\/emme\/wp-content\/uploads\/sites\/4\/2023\/01\/M2-IFS-2022-5.jpg\" alt=\"\" width=\"552\" height=\"864\" srcset=\"https:\/\/www.nature-conservation-ubfc.com\/emme\/wp-content\/uploads\/sites\/4\/2023\/01\/M2-IFS-2022-5.jpg 552w, https:\/\/www.nature-conservation-ubfc.com\/emme\/wp-content\/uploads\/sites\/4\/2023\/01\/M2-IFS-2022-5-480x751.jpg 480w\" sizes=\"(min-width: 0px) and (max-width: 480px) 480px, (min-width: 481px) 552px, 100vw\" \/><\/a><\/p>\n","protected":false},"excerpt":{"rendered":"<p>September 2022 \u2013 A new academic year, and a new Introductory Field Session (IFS) for the EMME M2 students. They started their second year in the Franche-Comt\u00e9 countryside, hosted at the Centre de vacances Les Fauvettes in Levier. They spent this first week with students from three other Master\u2019s programmes: BGS (Biog\u00e9osciences) at the universities [&hellip;]<\/p>\n","protected":false},"author":6,"featured_media":2052,"comment_status":"open","ping_status":"open","sticky":false,"template":"","format":"standard","meta":{"_et_pb_use_builder":"","_et_pb_old_content":"","_et_gb_content_width":"","footnotes":""},"categories":[7],"tags":[],"yoast_head":"<!-- This site is optimized with the Yoast SEO plugin v22.8 - https:\/\/yoast.com\/wordpress\/plugins\/seo\/ -->\n<title>M2 Introductory Field Session (IFS) - 2022 - EMME<\/title>\n<meta name=\"robots\" content=\"index, follow, max-snippet:-1, max-image-preview:large, max-video-preview:-1\" \/>\n<link rel=\"canonical\" href=\"https:\/\/www.nature-conservation-ubfc.com\/emme\/en\/m2-introductory-field-session-ifs-2022\/\" \/>\n<meta property=\"og:locale\" content=\"fr_FR\" \/>\n<meta property=\"og:type\" content=\"article\" \/>\n<meta property=\"og:title\" content=\"M2 Introductory Field Session (IFS) - 2022 - EMME\" \/>\n<meta property=\"og:description\" content=\"September 2022 \u2013 A new academic year, and a new Introductory Field Session (IFS) for the EMME M2 students. They started their second year in the Franche-Comt\u00e9 countryside, hosted at the Centre de vacances Les Fauvettes in Levier. They spent this first week with students from three other Master\u2019s programmes: BGS (Biog\u00e9osciences) at the universities [&hellip;]\" \/>\n<meta property=\"og:url\" content=\"https:\/\/www.nature-conservation-ubfc.com\/emme\/en\/m2-introductory-field-session-ifs-2022\/\" \/>\n<meta property=\"og:site_name\" content=\"EMME\" \/>\n<meta property=\"article:published_time\" content=\"2022-09-18T10:57:53+00:00\" \/>\n<meta property=\"article:modified_time\" content=\"2023-01-23T10:01:08+00:00\" \/>\n<meta property=\"og:image\" content=\"https:\/\/www.nature-conservation-ubfc.com\/emme\/wp-content\/uploads\/sites\/4\/2023\/01\/M2-IFS-2022-1.jpg\" \/>\n\t<meta property=\"og:image:width\" content=\"550\" \/>\n\t<meta property=\"og:image:height\" content=\"897\" \/>\n\t<meta property=\"og:image:type\" content=\"image\/jpeg\" \/>\n<meta name=\"author\" content=\"rscheifler\" \/>\n<meta name=\"twitter:card\" content=\"summary_large_image\" \/>\n<meta name=\"twitter:label1\" content=\"\u00c9crit par\" \/>\n\t<meta name=\"twitter:data1\" content=\"rscheifler\" \/>\n\t<meta name=\"twitter:label2\" content=\"Dur\u00e9e de lecture estim\u00e9e\" \/>\n\t<meta name=\"twitter:data2\" content=\"3 minutes\" \/>\n<script type=\"application\/ld+json\" class=\"yoast-schema-graph\">{\"@context\":\"https:\/\/schema.org\",\"@graph\":[{\"@type\":\"WebPage\",\"@id\":\"https:\/\/www.nature-conservation-ubfc.com\/emme\/en\/m2-introductory-field-session-ifs-2022\/\",\"url\":\"https:\/\/www.nature-conservation-ubfc.com\/emme\/en\/m2-introductory-field-session-ifs-2022\/\",\"name\":\"M2 Introductory Field Session (IFS) - 2022 - EMME\",\"isPartOf\":{\"@id\":\"https:\/\/www.nature-conservation-ubfc.com\/emme\/#website\"},\"primaryImageOfPage\":{\"@id\":\"https:\/\/www.nature-conservation-ubfc.com\/emme\/en\/m2-introductory-field-session-ifs-2022\/#primaryimage\"},\"image\":{\"@id\":\"https:\/\/www.nature-conservation-ubfc.com\/emme\/en\/m2-introductory-field-session-ifs-2022\/#primaryimage\"},\"thumbnailUrl\":\"https:\/\/www.nature-conservation-ubfc.com\/emme\/wp-content\/uploads\/sites\/4\/2023\/01\/M2-IFS-2022-1.jpg\",\"datePublished\":\"2022-09-18T10:57:53+00:00\",\"dateModified\":\"2023-01-23T10:01:08+00:00\",\"author\":{\"@id\":\"https:\/\/www.nature-conservation-ubfc.com\/emme\/#\/schema\/person\/c9eba3aa377d5d37abfeda3545fc3a0a\"},\"breadcrumb\":{\"@id\":\"https:\/\/www.nature-conservation-ubfc.com\/emme\/en\/m2-introductory-field-session-ifs-2022\/#breadcrumb\"},\"inLanguage\":\"fr-FR\",\"potentialAction\":[{\"@type\":\"ReadAction\",\"target\":[\"https:\/\/www.nature-conservation-ubfc.com\/emme\/en\/m2-introductory-field-session-ifs-2022\/\"]}]},{\"@type\":\"ImageObject\",\"inLanguage\":\"fr-FR\",\"@id\":\"https:\/\/www.nature-conservation-ubfc.com\/emme\/en\/m2-introductory-field-session-ifs-2022\/#primaryimage\",\"url\":\"https:\/\/www.nature-conservation-ubfc.com\/emme\/wp-content\/uploads\/sites\/4\/2023\/01\/M2-IFS-2022-1.jpg\",\"contentUrl\":\"https:\/\/www.nature-conservation-ubfc.com\/emme\/wp-content\/uploads\/sites\/4\/2023\/01\/M2-IFS-2022-1.jpg\",\"width\":550,\"height\":897},{\"@type\":\"BreadcrumbList\",\"@id\":\"https:\/\/www.nature-conservation-ubfc.com\/emme\/en\/m2-introductory-field-session-ifs-2022\/#breadcrumb\",\"itemListElement\":[{\"@type\":\"ListItem\",\"position\":1,\"name\":\"Accueil\",\"item\":\"https:\/\/www.nature-conservation-ubfc.com\/emme\/fr\/\"},{\"@type\":\"ListItem\",\"position\":2,\"name\":\"M2 Introductory Field Session (IFS) &#8211; 2022\"}]},{\"@type\":\"WebSite\",\"@id\":\"https:\/\/www.nature-conservation-ubfc.com\/emme\/#website\",\"url\":\"https:\/\/www.nature-conservation-ubfc.com\/emme\/\",\"name\":\"EMME\",\"description\":\"\",\"potentialAction\":[{\"@type\":\"SearchAction\",\"target\":{\"@type\":\"EntryPoint\",\"urlTemplate\":\"https:\/\/www.nature-conservation-ubfc.com\/emme\/?s={search_term_string}\"},\"query-input\":\"required name=search_term_string\"}],\"inLanguage\":\"fr-FR\"},{\"@type\":\"Person\",\"@id\":\"https:\/\/www.nature-conservation-ubfc.com\/emme\/#\/schema\/person\/c9eba3aa377d5d37abfeda3545fc3a0a\",\"name\":\"rscheifler\",\"image\":{\"@type\":\"ImageObject\",\"inLanguage\":\"fr-FR\",\"@id\":\"https:\/\/www.nature-conservation-ubfc.com\/emme\/#\/schema\/person\/image\/\",\"url\":\"https:\/\/secure.gravatar.com\/avatar\/6517f3f13e26859434f55639b3aaf742?s=96&d=mm&r=g\",\"contentUrl\":\"https:\/\/secure.gravatar.com\/avatar\/6517f3f13e26859434f55639b3aaf742?s=96&d=mm&r=g\",\"caption\":\"rscheifler\"},\"url\":\"https:\/\/www.nature-conservation-ubfc.com\/emme\/author\/rscheifler\/\"}]}<\/script>\n<!-- \/ Yoast SEO plugin. -->","yoast_head_json":{"title":"M2 Introductory Field Session (IFS) - 2022 - EMME","robots":{"index":"index","follow":"follow","max-snippet":"max-snippet:-1","max-image-preview":"max-image-preview:large","max-video-preview":"max-video-preview:-1"},"canonical":"https:\/\/www.nature-conservation-ubfc.com\/emme\/en\/m2-introductory-field-session-ifs-2022\/","og_locale":"fr_FR","og_type":"article","og_title":"M2 Introductory Field Session (IFS) - 2022 - EMME","og_description":"September 2022 \u2013 A new academic year, and a new Introductory Field Session (IFS) for the EMME M2 students. They started their second year in the Franche-Comt\u00e9 countryside, hosted at the Centre de vacances Les Fauvettes in Levier. They spent this first week with students from three other Master\u2019s programmes: BGS (Biog\u00e9osciences) at the universities [&hellip;]","og_url":"https:\/\/www.nature-conservation-ubfc.com\/emme\/en\/m2-introductory-field-session-ifs-2022\/","og_site_name":"EMME","article_published_time":"2022-09-18T10:57:53+00:00","article_modified_time":"2023-01-23T10:01:08+00:00","og_image":[{"width":550,"height":897,"url":"https:\/\/www.nature-conservation-ubfc.com\/emme\/wp-content\/uploads\/sites\/4\/2023\/01\/M2-IFS-2022-1.jpg","type":"image\/jpeg"}],"author":"rscheifler","twitter_card":"summary_large_image","twitter_misc":{"\u00c9crit par":"rscheifler","Dur\u00e9e de lecture estim\u00e9e":"3 minutes"},"schema":{"@context":"https:\/\/schema.org","@graph":[{"@type":"WebPage","@id":"https:\/\/www.nature-conservation-ubfc.com\/emme\/en\/m2-introductory-field-session-ifs-2022\/","url":"https:\/\/www.nature-conservation-ubfc.com\/emme\/en\/m2-introductory-field-session-ifs-2022\/","name":"M2 Introductory Field Session (IFS) - 2022 - EMME","isPartOf":{"@id":"https:\/\/www.nature-conservation-ubfc.com\/emme\/#website"},"primaryImageOfPage":{"@id":"https:\/\/www.nature-conservation-ubfc.com\/emme\/en\/m2-introductory-field-session-ifs-2022\/#primaryimage"},"image":{"@id":"https:\/\/www.nature-conservation-ubfc.com\/emme\/en\/m2-introductory-field-session-ifs-2022\/#primaryimage"},"thumbnailUrl":"https:\/\/www.nature-conservation-ubfc.com\/emme\/wp-content\/uploads\/sites\/4\/2023\/01\/M2-IFS-2022-1.jpg","datePublished":"2022-09-18T10:57:53+00:00","dateModified":"2023-01-23T10:01:08+00:00","author":{"@id":"https:\/\/www.nature-conservation-ubfc.com\/emme\/#\/schema\/person\/c9eba3aa377d5d37abfeda3545fc3a0a"},"breadcrumb":{"@id":"https:\/\/www.nature-conservation-ubfc.com\/emme\/en\/m2-introductory-field-session-ifs-2022\/#breadcrumb"},"inLanguage":"fr-FR","potentialAction":[{"@type":"ReadAction","target":["https:\/\/www.nature-conservation-ubfc.com\/emme\/en\/m2-introductory-field-session-ifs-2022\/"]}]},{"@type":"ImageObject","inLanguage":"fr-FR","@id":"https:\/\/www.nature-conservation-ubfc.com\/emme\/en\/m2-introductory-field-session-ifs-2022\/#primaryimage","url":"https:\/\/www.nature-conservation-ubfc.com\/emme\/wp-content\/uploads\/sites\/4\/2023\/01\/M2-IFS-2022-1.jpg","contentUrl":"https:\/\/www.nature-conservation-ubfc.com\/emme\/wp-content\/uploads\/sites\/4\/2023\/01\/M2-IFS-2022-1.jpg","width":550,"height":897},{"@type":"BreadcrumbList","@id":"https:\/\/www.nature-conservation-ubfc.com\/emme\/en\/m2-introductory-field-session-ifs-2022\/#breadcrumb","itemListElement":[{"@type":"ListItem","position":1,"name":"Accueil","item":"https:\/\/www.nature-conservation-ubfc.com\/emme\/fr\/"},{"@type":"ListItem","position":2,"name":"M2 Introductory Field Session (IFS) &#8211; 2022"}]},{"@type":"WebSite","@id":"https:\/\/www.nature-conservation-ubfc.com\/emme\/#website","url":"https:\/\/www.nature-conservation-ubfc.com\/emme\/","name":"EMME","description":"","potentialAction":[{"@type":"SearchAction","target":{"@type":"EntryPoint","urlTemplate":"https:\/\/www.nature-conservation-ubfc.com\/emme\/?s={search_term_string}"},"query-input":"required name=search_term_string"}],"inLanguage":"fr-FR"},{"@type":"Person","@id":"https:\/\/www.nature-conservation-ubfc.com\/emme\/#\/schema\/person\/c9eba3aa377d5d37abfeda3545fc3a0a","name":"rscheifler","image":{"@type":"ImageObject","inLanguage":"fr-FR","@id":"https:\/\/www.nature-conservation-ubfc.com\/emme\/#\/schema\/person\/image\/","url":"https:\/\/secure.gravatar.com\/avatar\/6517f3f13e26859434f55639b3aaf742?s=96&d=mm&r=g","contentUrl":"https:\/\/secure.gravatar.com\/avatar\/6517f3f13e26859434f55639b3aaf742?s=96&d=mm&r=g","caption":"rscheifler"},"url":"https:\/\/www.nature-conservation-ubfc.com\/emme\/author\/rscheifler\/"}]}},"_links":{"self":[{"href":"https:\/\/www.nature-conservation-ubfc.com\/emme\/wp-json\/wp\/v2\/posts\/2051"}],"collection":[{"href":"https:\/\/www.nature-conservation-ubfc.com\/emme\/wp-json\/wp\/v2\/posts"}],"about":[{"href":"https:\/\/www.nature-conservation-ubfc.com\/emme\/wp-json\/wp\/v2\/types\/post"}],"author":[{"embeddable":true,"href":"https:\/\/www.nature-conservation-ubfc.com\/emme\/wp-json\/wp\/v2\/users\/6"}],"replies":[{"embeddable":true,"href":"https:\/\/www.nature-conservation-ubfc.com\/emme\/wp-json\/wp\/v2\/comments?post=2051"}],"version-history":[{"count":10,"href":"https:\/\/www.nature-conservation-ubfc.com\/emme\/wp-json\/wp\/v2\/posts\/2051\/revisions"}],"predecessor-version":[{"id":2152,"href":"https:\/\/www.nature-conservation-ubfc.com\/emme\/wp-json\/wp\/v2\/posts\/2051\/revisions\/2152"}],"wp:featuredmedia":[{"embeddable":true,"href":"https:\/\/www.nature-conservation-ubfc.com\/emme\/wp-json\/wp\/v2\/media\/2052"}],"wp:attachment":[{"href":"https:\/\/www.nature-conservation-ubfc.com\/emme\/wp-json\/wp\/v2\/media?parent=2051"}],"wp:term":[{"taxonomy":"category","embeddable":true,"href":"https:\/\/www.nature-conservation-ubfc.com\/emme\/wp-json\/wp\/v2\/categories?post=2051"},{"taxonomy":"post_tag","embeddable":true,"href":"https:\/\/www.nature-conservation-ubfc.com\/emme\/wp-json\/wp\/v2\/tags?post=2051"}],"curies":[{"name":"wp","href":"https:\/\/api.w.org\/{rel}","templated":true}]}}