{"id":1376,"date":"2019-06-14T14:51:15","date_gmt":"2019-06-14T12:51:15","guid":{"rendered":"https:\/\/www.nature-conservation-ubfc.com\/emme\/?p=1376"},"modified":"2019-06-14T14:51:15","modified_gmt":"2019-06-14T12:51:15","slug":"session-de-terrain-de-lunite-gebc","status":"publish","type":"post","link":"https:\/\/www.nature-conservation-ubfc.com\/emme\/fr\/session-de-terrain-de-lunite-gebc\/","title":{"rendered":"Session de terrain de l&rsquo;unit\u00e9 GEBC"},"content":{"rendered":"<p style=\"text-align: justify\">La session de terrain de l&rsquo;unit\u00e9 GEBC (Gestion des Ecosyst\u00e8mes et Biologie de la Conservation, M1) s&rsquo;est d\u00e9roul\u00e9e 3 au 7 Juin 2019. Les \u00e9tudiants ont du choisir un des sujets propos\u00e9s pas l&rsquo;\u00e9quipe p\u00e9dagogique ou en proposer un de leur choix. Tous les sujets n\u00e9cessitaient une caract\u00e9risation des habitats ainsi que des inventaires faunistiques (oiseaux, chauve-souris\u2026) et\/ou floristiques selon des protocoles standardis\u00e9s. Les enseignants \u00e9taient pr\u00e9sents sur le terrain durant toute la semaine afin de guider les \u00e9tudiants dans le choix et la mise en place des protocoles, l&rsquo;analyse de donn\u00e9es; mais \u00e9galement pour \u00e9changer avec eux concernant les difficult\u00e9s techniques et\/ou th\u00e9oriques potentiellement rencontr\u00e9es.<\/p>\n<p style=\"text-align: justify\">Vous pouvez d\u00e9couvrir ci-dessous les sujets choisis et trait\u00e9s par les \u00e9tudiants :<\/p>\n<ul style=\"list-style-type: circle\">\n<li style=\"text-align: justify\">Facteurs expliquant la distribution et\/ou la diversit\u00e9 des chauve-souris dans la vall\u00e9e du Drugeon<\/li>\n<li style=\"text-align: justify\">La distribution des faucons cr\u00e9cerelle\u00a0(<i>Falco tinnunculus<\/i>) est-elle agr\u00e9g\u00e9e et li\u00e9e aux densit\u00e9s de proies ?<\/li>\n<li style=\"text-align: justify\">Les communaut\u00e9s d&rsquo;oiseaux des pelouses s\u00e8ches du Larmont dans des zones d\u00e9j\u00e0 ouvertes ou \u00e0 ouvrir dans le cadre de programmes Natura 2000<\/li>\n<li style=\"text-align: justify\">Influence des perturbations anthropiques (nombre de visiteurs) sur les communaut\u00e9s de plantes dans le Mont d&rsquo;Or (Doubs, France)<\/li>\n<\/ul>\n","protected":false},"excerpt":{"rendered":"<p>La session de terrain de l&rsquo;unit\u00e9 GEBC (Gestion des Ecosyst\u00e8mes et Biologie de la Conservation, M1) s&rsquo;est d\u00e9roul\u00e9e 3 au 7 Juin 2019. Les \u00e9tudiants ont du choisir un des sujets propos\u00e9s pas l&rsquo;\u00e9quipe p\u00e9dagogique ou en proposer un de leur choix. Tous les sujets n\u00e9cessitaient une caract\u00e9risation des habitats ainsi que des inventaires faunistiques [&hellip;]<\/p>\n","protected":false},"author":6,"featured_media":0,"comment_status":"open","ping_status":"open","sticky":false,"template":"","format":"standard","meta":{"_et_pb_use_builder":"","_et_pb_old_content":"","_et_gb_content_width":"","footnotes":""},"categories":[1],"tags":[],"yoast_head":"<!-- This site is optimized with the Yoast SEO plugin v22.8 - https:\/\/yoast.com\/wordpress\/plugins\/seo\/ -->\n<title>Session de terrain de l&#039;unit\u00e9 GEBC - EMME<\/title>\n<meta name=\"robots\" content=\"index, follow, max-snippet:-1, max-image-preview:large, max-video-preview:-1\" \/>\n<link rel=\"canonical\" href=\"https:\/\/www.nature-conservation-ubfc.com\/emme\/fr\/session-de-terrain-de-lunite-gebc\/\" \/>\n<meta property=\"og:locale\" content=\"fr_FR\" \/>\n<meta property=\"og:type\" content=\"article\" \/>\n<meta property=\"og:title\" content=\"Session de terrain de l&#039;unit\u00e9 GEBC - EMME\" \/>\n<meta property=\"og:description\" content=\"La session de terrain de l&rsquo;unit\u00e9 GEBC (Gestion des Ecosyst\u00e8mes et Biologie de la Conservation, M1) s&rsquo;est d\u00e9roul\u00e9e 3 au 7 Juin 2019. Les \u00e9tudiants ont du choisir un des sujets propos\u00e9s pas l&rsquo;\u00e9quipe p\u00e9dagogique ou en proposer un de leur choix. Tous les sujets n\u00e9cessitaient une caract\u00e9risation des habitats ainsi que des inventaires faunistiques [&hellip;]\" \/>\n<meta property=\"og:url\" content=\"https:\/\/www.nature-conservation-ubfc.com\/emme\/fr\/session-de-terrain-de-lunite-gebc\/\" \/>\n<meta property=\"og:site_name\" content=\"EMME\" \/>\n<meta property=\"article:published_time\" content=\"2019-06-14T12:51:15+00:00\" \/>\n<meta property=\"og:image\" content=\"https:\/\/www.nature-conservation-ubfc.com\/emme\/wp-content\/uploads\/sites\/4\/2019\/06\/Bats-monitoring.jpg\" \/>\n\t<meta property=\"og:image:width\" content=\"2671\" \/>\n\t<meta property=\"og:image:height\" content=\"1997\" \/>\n\t<meta property=\"og:image:type\" content=\"image\/jpeg\" \/>\n<meta name=\"author\" content=\"rscheifler\" \/>\n<meta name=\"twitter:card\" content=\"summary_large_image\" \/>\n<meta name=\"twitter:label1\" content=\"\u00c9crit par\" \/>\n\t<meta name=\"twitter:data1\" content=\"rscheifler\" \/>\n\t<meta name=\"twitter:label2\" content=\"Dur\u00e9e de lecture estim\u00e9e\" \/>\n\t<meta name=\"twitter:data2\" content=\"1 minute\" \/>\n<script type=\"application\/ld+json\" class=\"yoast-schema-graph\">{\"@context\":\"https:\/\/schema.org\",\"@graph\":[{\"@type\":\"WebPage\",\"@id\":\"https:\/\/www.nature-conservation-ubfc.com\/emme\/fr\/session-de-terrain-de-lunite-gebc\/\",\"url\":\"https:\/\/www.nature-conservation-ubfc.com\/emme\/fr\/session-de-terrain-de-lunite-gebc\/\",\"name\":\"Session de terrain de l'unit\u00e9 GEBC - EMME\",\"isPartOf\":{\"@id\":\"https:\/\/www.nature-conservation-ubfc.com\/emme\/#website\"},\"datePublished\":\"2019-06-14T12:51:15+00:00\",\"dateModified\":\"2019-06-14T12:51:15+00:00\",\"author\":{\"@id\":\"https:\/\/www.nature-conservation-ubfc.com\/emme\/#\/schema\/person\/c9eba3aa377d5d37abfeda3545fc3a0a\"},\"breadcrumb\":{\"@id\":\"https:\/\/www.nature-conservation-ubfc.com\/emme\/fr\/session-de-terrain-de-lunite-gebc\/#breadcrumb\"},\"inLanguage\":\"fr-FR\",\"potentialAction\":[{\"@type\":\"ReadAction\",\"target\":[\"https:\/\/www.nature-conservation-ubfc.com\/emme\/fr\/session-de-terrain-de-lunite-gebc\/\"]}]},{\"@type\":\"BreadcrumbList\",\"@id\":\"https:\/\/www.nature-conservation-ubfc.com\/emme\/fr\/session-de-terrain-de-lunite-gebc\/#breadcrumb\",\"itemListElement\":[{\"@type\":\"ListItem\",\"position\":1,\"name\":\"Accueil\",\"item\":\"https:\/\/www.nature-conservation-ubfc.com\/emme\/fr\/\"},{\"@type\":\"ListItem\",\"position\":2,\"name\":\"Session de terrain de l&rsquo;unit\u00e9 GEBC\"}]},{\"@type\":\"WebSite\",\"@id\":\"https:\/\/www.nature-conservation-ubfc.com\/emme\/#website\",\"url\":\"https:\/\/www.nature-conservation-ubfc.com\/emme\/\",\"name\":\"EMME\",\"description\":\"\",\"potentialAction\":[{\"@type\":\"SearchAction\",\"target\":{\"@type\":\"EntryPoint\",\"urlTemplate\":\"https:\/\/www.nature-conservation-ubfc.com\/emme\/?s={search_term_string}\"},\"query-input\":\"required name=search_term_string\"}],\"inLanguage\":\"fr-FR\"},{\"@type\":\"Person\",\"@id\":\"https:\/\/www.nature-conservation-ubfc.com\/emme\/#\/schema\/person\/c9eba3aa377d5d37abfeda3545fc3a0a\",\"name\":\"rscheifler\",\"image\":{\"@type\":\"ImageObject\",\"inLanguage\":\"fr-FR\",\"@id\":\"https:\/\/www.nature-conservation-ubfc.com\/emme\/#\/schema\/person\/image\/\",\"url\":\"https:\/\/secure.gravatar.com\/avatar\/6517f3f13e26859434f55639b3aaf742?s=96&d=mm&r=g\",\"contentUrl\":\"https:\/\/secure.gravatar.com\/avatar\/6517f3f13e26859434f55639b3aaf742?s=96&d=mm&r=g\",\"caption\":\"rscheifler\"},\"url\":\"https:\/\/www.nature-conservation-ubfc.com\/emme\/author\/rscheifler\/\"}]}<\/script>\n<!-- \/ Yoast SEO plugin. -->","yoast_head_json":{"title":"Session de terrain de l'unit\u00e9 GEBC - EMME","robots":{"index":"index","follow":"follow","max-snippet":"max-snippet:-1","max-image-preview":"max-image-preview:large","max-video-preview":"max-video-preview:-1"},"canonical":"https:\/\/www.nature-conservation-ubfc.com\/emme\/fr\/session-de-terrain-de-lunite-gebc\/","og_locale":"fr_FR","og_type":"article","og_title":"Session de terrain de l'unit\u00e9 GEBC - EMME","og_description":"La session de terrain de l&rsquo;unit\u00e9 GEBC (Gestion des Ecosyst\u00e8mes et Biologie de la Conservation, M1) s&rsquo;est d\u00e9roul\u00e9e 3 au 7 Juin 2019. Les \u00e9tudiants ont du choisir un des sujets propos\u00e9s pas l&rsquo;\u00e9quipe p\u00e9dagogique ou en proposer un de leur choix. Tous les sujets n\u00e9cessitaient une caract\u00e9risation des habitats ainsi que des inventaires faunistiques [&hellip;]","og_url":"https:\/\/www.nature-conservation-ubfc.com\/emme\/fr\/session-de-terrain-de-lunite-gebc\/","og_site_name":"EMME","article_published_time":"2019-06-14T12:51:15+00:00","og_image":[{"width":2671,"height":1997,"url":"https:\/\/www.nature-conservation-ubfc.com\/emme\/wp-content\/uploads\/sites\/4\/2019\/06\/Bats-monitoring.jpg","type":"image\/jpeg"}],"author":"rscheifler","twitter_card":"summary_large_image","twitter_misc":{"\u00c9crit par":"rscheifler","Dur\u00e9e de lecture estim\u00e9e":"1 minute"},"schema":{"@context":"https:\/\/schema.org","@graph":[{"@type":"WebPage","@id":"https:\/\/www.nature-conservation-ubfc.com\/emme\/fr\/session-de-terrain-de-lunite-gebc\/","url":"https:\/\/www.nature-conservation-ubfc.com\/emme\/fr\/session-de-terrain-de-lunite-gebc\/","name":"Session de terrain de l'unit\u00e9 GEBC - EMME","isPartOf":{"@id":"https:\/\/www.nature-conservation-ubfc.com\/emme\/#website"},"datePublished":"2019-06-14T12:51:15+00:00","dateModified":"2019-06-14T12:51:15+00:00","author":{"@id":"https:\/\/www.nature-conservation-ubfc.com\/emme\/#\/schema\/person\/c9eba3aa377d5d37abfeda3545fc3a0a"},"breadcrumb":{"@id":"https:\/\/www.nature-conservation-ubfc.com\/emme\/fr\/session-de-terrain-de-lunite-gebc\/#breadcrumb"},"inLanguage":"fr-FR","potentialAction":[{"@type":"ReadAction","target":["https:\/\/www.nature-conservation-ubfc.com\/emme\/fr\/session-de-terrain-de-lunite-gebc\/"]}]},{"@type":"BreadcrumbList","@id":"https:\/\/www.nature-conservation-ubfc.com\/emme\/fr\/session-de-terrain-de-lunite-gebc\/#breadcrumb","itemListElement":[{"@type":"ListItem","position":1,"name":"Accueil","item":"https:\/\/www.nature-conservation-ubfc.com\/emme\/fr\/"},{"@type":"ListItem","position":2,"name":"Session de terrain de l&rsquo;unit\u00e9 GEBC"}]},{"@type":"WebSite","@id":"https:\/\/www.nature-conservation-ubfc.com\/emme\/#website","url":"https:\/\/www.nature-conservation-ubfc.com\/emme\/","name":"EMME","description":"","potentialAction":[{"@type":"SearchAction","target":{"@type":"EntryPoint","urlTemplate":"https:\/\/www.nature-conservation-ubfc.com\/emme\/?s={search_term_string}"},"query-input":"required name=search_term_string"}],"inLanguage":"fr-FR"},{"@type":"Person","@id":"https:\/\/www.nature-conservation-ubfc.com\/emme\/#\/schema\/person\/c9eba3aa377d5d37abfeda3545fc3a0a","name":"rscheifler","image":{"@type":"ImageObject","inLanguage":"fr-FR","@id":"https:\/\/www.nature-conservation-ubfc.com\/emme\/#\/schema\/person\/image\/","url":"https:\/\/secure.gravatar.com\/avatar\/6517f3f13e26859434f55639b3aaf742?s=96&d=mm&r=g","contentUrl":"https:\/\/secure.gravatar.com\/avatar\/6517f3f13e26859434f55639b3aaf742?s=96&d=mm&r=g","caption":"rscheifler"},"url":"https:\/\/www.nature-conservation-ubfc.com\/emme\/author\/rscheifler\/"}]}},"_links":{"self":[{"href":"https:\/\/www.nature-conservation-ubfc.com\/emme\/wp-json\/wp\/v2\/posts\/1376"}],"collection":[{"href":"https:\/\/www.nature-conservation-ubfc.com\/emme\/wp-json\/wp\/v2\/posts"}],"about":[{"href":"https:\/\/www.nature-conservation-ubfc.com\/emme\/wp-json\/wp\/v2\/types\/post"}],"author":[{"embeddable":true,"href":"https:\/\/www.nature-conservation-ubfc.com\/emme\/wp-json\/wp\/v2\/users\/6"}],"replies":[{"embeddable":true,"href":"https:\/\/www.nature-conservation-ubfc.com\/emme\/wp-json\/wp\/v2\/comments?post=1376"}],"version-history":[{"count":1,"href":"https:\/\/www.nature-conservation-ubfc.com\/emme\/wp-json\/wp\/v2\/posts\/1376\/revisions"}],"predecessor-version":[{"id":1377,"href":"https:\/\/www.nature-conservation-ubfc.com\/emme\/wp-json\/wp\/v2\/posts\/1376\/revisions\/1377"}],"wp:attachment":[{"href":"https:\/\/www.nature-conservation-ubfc.com\/emme\/wp-json\/wp\/v2\/media?parent=1376"}],"wp:term":[{"taxonomy":"category","embeddable":true,"href":"https:\/\/www.nature-conservation-ubfc.com\/emme\/wp-json\/wp\/v2\/categories?post=1376"},{"taxonomy":"post_tag","embeddable":true,"href":"https:\/\/www.nature-conservation-ubfc.com\/emme\/wp-json\/wp\/v2\/tags?post=1376"}],"curies":[{"name":"wp","href":"https:\/\/api.w.org\/{rel}","templated":true}]}}