{"id":1560,"date":"2019-10-02T15:40:11","date_gmt":"2019-10-02T13:40:11","guid":{"rendered":"https:\/\/www.nature-conservation-ubfc.com\/bewm\/?p=1560"},"modified":"2019-10-03T09:36:05","modified_gmt":"2019-10-03T07:36:05","slug":"seminaire-de-roberto-alonso-bosch","status":"publish","type":"post","link":"https:\/\/www.nature-conservation-ubfc.com\/bewm\/fr\/seminaire-de-roberto-alonso-bosch\/","title":{"rendered":"S\u00e9minaire de Roberto Alonso-Bosch"},"content":{"rendered":"<p><strong>\u00ab Bases for Conservation of the Most Threatened Cuban Toad, <em>Peltophryne florentinoi<\/em> (Anura: Bufonidae) \u00bb <\/strong>Dr Roberto Alonso-Bosch, vendredi 27 septembre 2019 \u00e0 11h, amphi Monge<\/p>\n<p>Zapata&rsquo;s toad, <em>Peltophryne florentinoi<\/em>, inhabits exclusively the coastal microphyllous evergreen forests on limestone landscapes near Playa Gir\u00f3n, Zapata Swamp, Matanzas province, Cuba. This species has been catalogued as Critically Endangered by the IUCN taking into account its reduced extent of occurrence, and the potential threat of the sea\u2010level rise. However, its population dynamic, abundance, reproductive activity and its potential responses to predicted environmental pressures have been poorly studied. This contribution shows the first data about relative abundance, reproduction and ecological requirements of this poorly known Cuban endemic toad. We evaluate the potential effects of current anthropogenic activities and future scenarios of climate change and sea\u2010level rise. The main actions of an educational campaign implemented to enrich the knowledge of local people about the species conservation and its habitat protection are also presented.<\/p>\n<p>Dr Roberto Alonso-Bosch, Titular Researcher<\/p>\n<p>Museo de Historia Natural \u201cFelipe Poey\u201d. Facultad de Biolog\u00eda. Universidad de La Habana<\/p>\n","protected":false},"excerpt":{"rendered":"<p>\u00ab Bases for Conservation of the Most Threatened Cuban Toad, Peltophryne florentinoi (Anura: Bufonidae) \u00bb Dr Roberto Alonso-Bosch, vendredi 27 septembre 2019 \u00e0 11h, amphi Monge Zapata&rsquo;s toad, Peltophryne florentinoi, inhabits exclusively the coastal microphyllous evergreen forests on limestone landscapes near Playa Gir\u00f3n, Zapata Swamp, Matanzas province, Cuba. This species has been catalogued as Critically [&hellip;]<\/p>\n","protected":false},"author":3,"featured_media":1611,"comment_status":"closed","ping_status":"closed","sticky":false,"template":"","format":"standard","meta":{"_et_pb_use_builder":"","_et_pb_old_content":"","_et_gb_content_width":"","footnotes":""},"categories":[18],"tags":[],"yoast_head":"<!-- This site is optimized with the Yoast SEO plugin v22.8 - https:\/\/yoast.com\/wordpress\/plugins\/seo\/ -->\n<title>S\u00e9minaire de Roberto Alonso-Bosch - BEWM<\/title>\n<meta name=\"robots\" content=\"index, follow, max-snippet:-1, max-image-preview:large, max-video-preview:-1\" \/>\n<link rel=\"canonical\" href=\"https:\/\/www.nature-conservation-ubfc.com\/bewm\/fr\/seminaire-de-roberto-alonso-bosch\/\" \/>\n<meta property=\"og:locale\" content=\"fr_FR\" \/>\n<meta property=\"og:type\" content=\"article\" \/>\n<meta property=\"og:title\" content=\"S\u00e9minaire de Roberto Alonso-Bosch - BEWM\" \/>\n<meta property=\"og:description\" content=\"\u00ab Bases for Conservation of the Most Threatened Cuban Toad, Peltophryne florentinoi (Anura: Bufonidae) \u00bb Dr Roberto Alonso-Bosch, vendredi 27 septembre 2019 \u00e0 11h, amphi Monge Zapata&rsquo;s toad, Peltophryne florentinoi, inhabits exclusively the coastal microphyllous evergreen forests on limestone landscapes near Playa Gir\u00f3n, Zapata Swamp, Matanzas province, Cuba. This species has been catalogued as Critically [&hellip;]\" \/>\n<meta property=\"og:url\" content=\"https:\/\/www.nature-conservation-ubfc.com\/bewm\/fr\/seminaire-de-roberto-alonso-bosch\/\" \/>\n<meta property=\"og:site_name\" content=\"BEWM\" \/>\n<meta property=\"article:published_time\" content=\"2019-10-02T13:40:11+00:00\" \/>\n<meta property=\"article:modified_time\" content=\"2019-10-03T07:36:05+00:00\" \/>\n<meta property=\"og:image\" content=\"https:\/\/www.nature-conservation-ubfc.com\/bewm\/wp-content\/uploads\/sites\/2\/2019\/10\/Peltophryne-florentinoi_calling-male.jpg\" \/>\n\t<meta property=\"og:image:width\" content=\"3504\" \/>\n\t<meta property=\"og:image:height\" content=\"2336\" \/>\n\t<meta property=\"og:image:type\" content=\"image\/jpeg\" \/>\n<meta name=\"author\" content=\"fcezilly\" \/>\n<meta name=\"twitter:card\" content=\"summary_large_image\" \/>\n<meta name=\"twitter:label1\" content=\"\u00c9crit par\" \/>\n\t<meta name=\"twitter:data1\" content=\"fcezilly\" \/>\n\t<meta name=\"twitter:label2\" content=\"Dur\u00e9e de lecture estim\u00e9e\" \/>\n\t<meta name=\"twitter:data2\" content=\"1 minute\" \/>\n<script type=\"application\/ld+json\" class=\"yoast-schema-graph\">{\"@context\":\"https:\/\/schema.org\",\"@graph\":[{\"@type\":\"WebPage\",\"@id\":\"https:\/\/www.nature-conservation-ubfc.com\/bewm\/fr\/seminaire-de-roberto-alonso-bosch\/\",\"url\":\"https:\/\/www.nature-conservation-ubfc.com\/bewm\/fr\/seminaire-de-roberto-alonso-bosch\/\",\"name\":\"S\u00e9minaire de Roberto Alonso-Bosch - BEWM\",\"isPartOf\":{\"@id\":\"https:\/\/www.nature-conservation-ubfc.com\/bewm\/#website\"},\"primaryImageOfPage\":{\"@id\":\"https:\/\/www.nature-conservation-ubfc.com\/bewm\/fr\/seminaire-de-roberto-alonso-bosch\/#primaryimage\"},\"image\":{\"@id\":\"https:\/\/www.nature-conservation-ubfc.com\/bewm\/fr\/seminaire-de-roberto-alonso-bosch\/#primaryimage\"},\"thumbnailUrl\":\"https:\/\/www.nature-conservation-ubfc.com\/bewm\/wp-content\/uploads\/sites\/2\/2019\/10\/Peltophryne-florentinoi_calling-male.jpg\",\"datePublished\":\"2019-10-02T13:40:11+00:00\",\"dateModified\":\"2019-10-03T07:36:05+00:00\",\"author\":{\"@id\":\"https:\/\/www.nature-conservation-ubfc.com\/bewm\/#\/schema\/person\/2b7c1c388908456d35d809123726f419\"},\"breadcrumb\":{\"@id\":\"https:\/\/www.nature-conservation-ubfc.com\/bewm\/fr\/seminaire-de-roberto-alonso-bosch\/#breadcrumb\"},\"inLanguage\":\"fr-FR\",\"potentialAction\":[{\"@type\":\"ReadAction\",\"target\":[\"https:\/\/www.nature-conservation-ubfc.com\/bewm\/fr\/seminaire-de-roberto-alonso-bosch\/\"]}]},{\"@type\":\"ImageObject\",\"inLanguage\":\"fr-FR\",\"@id\":\"https:\/\/www.nature-conservation-ubfc.com\/bewm\/fr\/seminaire-de-roberto-alonso-bosch\/#primaryimage\",\"url\":\"https:\/\/www.nature-conservation-ubfc.com\/bewm\/wp-content\/uploads\/sites\/2\/2019\/10\/Peltophryne-florentinoi_calling-male.jpg\",\"contentUrl\":\"https:\/\/www.nature-conservation-ubfc.com\/bewm\/wp-content\/uploads\/sites\/2\/2019\/10\/Peltophryne-florentinoi_calling-male.jpg\",\"width\":3504,\"height\":2336},{\"@type\":\"BreadcrumbList\",\"@id\":\"https:\/\/www.nature-conservation-ubfc.com\/bewm\/fr\/seminaire-de-roberto-alonso-bosch\/#breadcrumb\",\"itemListElement\":[{\"@type\":\"ListItem\",\"position\":1,\"name\":\"Accueil\",\"item\":\"https:\/\/www.nature-conservation-ubfc.com\/bewm\/fr\/\"},{\"@type\":\"ListItem\",\"position\":2,\"name\":\"S\u00e9minaire de Roberto Alonso-Bosch\"}]},{\"@type\":\"WebSite\",\"@id\":\"https:\/\/www.nature-conservation-ubfc.com\/bewm\/#website\",\"url\":\"https:\/\/www.nature-conservation-ubfc.com\/bewm\/\",\"name\":\"BEWM\",\"description\":\"\",\"potentialAction\":[{\"@type\":\"SearchAction\",\"target\":{\"@type\":\"EntryPoint\",\"urlTemplate\":\"https:\/\/www.nature-conservation-ubfc.com\/bewm\/?s={search_term_string}\"},\"query-input\":\"required name=search_term_string\"}],\"inLanguage\":\"fr-FR\"},{\"@type\":\"Person\",\"@id\":\"https:\/\/www.nature-conservation-ubfc.com\/bewm\/#\/schema\/person\/2b7c1c388908456d35d809123726f419\",\"name\":\"fcezilly\",\"image\":{\"@type\":\"ImageObject\",\"inLanguage\":\"fr-FR\",\"@id\":\"https:\/\/www.nature-conservation-ubfc.com\/bewm\/#\/schema\/person\/image\/\",\"url\":\"https:\/\/secure.gravatar.com\/avatar\/eeb8b12785d6874d369c6a224a4f21e3?s=96&d=mm&r=g\",\"contentUrl\":\"https:\/\/secure.gravatar.com\/avatar\/eeb8b12785d6874d369c6a224a4f21e3?s=96&d=mm&r=g\",\"caption\":\"fcezilly\"},\"url\":\"https:\/\/www.nature-conservation-ubfc.com\/bewm\/author\/fcezilly\/\"}]}<\/script>\n<!-- \/ Yoast SEO plugin. -->","yoast_head_json":{"title":"S\u00e9minaire de Roberto Alonso-Bosch - BEWM","robots":{"index":"index","follow":"follow","max-snippet":"max-snippet:-1","max-image-preview":"max-image-preview:large","max-video-preview":"max-video-preview:-1"},"canonical":"https:\/\/www.nature-conservation-ubfc.com\/bewm\/fr\/seminaire-de-roberto-alonso-bosch\/","og_locale":"fr_FR","og_type":"article","og_title":"S\u00e9minaire de Roberto Alonso-Bosch - BEWM","og_description":"\u00ab Bases for Conservation of the Most Threatened Cuban Toad, Peltophryne florentinoi (Anura: Bufonidae) \u00bb Dr Roberto Alonso-Bosch, vendredi 27 septembre 2019 \u00e0 11h, amphi Monge Zapata&rsquo;s toad, Peltophryne florentinoi, inhabits exclusively the coastal microphyllous evergreen forests on limestone landscapes near Playa Gir\u00f3n, Zapata Swamp, Matanzas province, Cuba. This species has been catalogued as Critically [&hellip;]","og_url":"https:\/\/www.nature-conservation-ubfc.com\/bewm\/fr\/seminaire-de-roberto-alonso-bosch\/","og_site_name":"BEWM","article_published_time":"2019-10-02T13:40:11+00:00","article_modified_time":"2019-10-03T07:36:05+00:00","og_image":[{"width":3504,"height":2336,"url":"https:\/\/www.nature-conservation-ubfc.com\/bewm\/wp-content\/uploads\/sites\/2\/2019\/10\/Peltophryne-florentinoi_calling-male.jpg","type":"image\/jpeg"}],"author":"fcezilly","twitter_card":"summary_large_image","twitter_misc":{"\u00c9crit par":"fcezilly","Dur\u00e9e de lecture estim\u00e9e":"1 minute"},"schema":{"@context":"https:\/\/schema.org","@graph":[{"@type":"WebPage","@id":"https:\/\/www.nature-conservation-ubfc.com\/bewm\/fr\/seminaire-de-roberto-alonso-bosch\/","url":"https:\/\/www.nature-conservation-ubfc.com\/bewm\/fr\/seminaire-de-roberto-alonso-bosch\/","name":"S\u00e9minaire de Roberto Alonso-Bosch - BEWM","isPartOf":{"@id":"https:\/\/www.nature-conservation-ubfc.com\/bewm\/#website"},"primaryImageOfPage":{"@id":"https:\/\/www.nature-conservation-ubfc.com\/bewm\/fr\/seminaire-de-roberto-alonso-bosch\/#primaryimage"},"image":{"@id":"https:\/\/www.nature-conservation-ubfc.com\/bewm\/fr\/seminaire-de-roberto-alonso-bosch\/#primaryimage"},"thumbnailUrl":"https:\/\/www.nature-conservation-ubfc.com\/bewm\/wp-content\/uploads\/sites\/2\/2019\/10\/Peltophryne-florentinoi_calling-male.jpg","datePublished":"2019-10-02T13:40:11+00:00","dateModified":"2019-10-03T07:36:05+00:00","author":{"@id":"https:\/\/www.nature-conservation-ubfc.com\/bewm\/#\/schema\/person\/2b7c1c388908456d35d809123726f419"},"breadcrumb":{"@id":"https:\/\/www.nature-conservation-ubfc.com\/bewm\/fr\/seminaire-de-roberto-alonso-bosch\/#breadcrumb"},"inLanguage":"fr-FR","potentialAction":[{"@type":"ReadAction","target":["https:\/\/www.nature-conservation-ubfc.com\/bewm\/fr\/seminaire-de-roberto-alonso-bosch\/"]}]},{"@type":"ImageObject","inLanguage":"fr-FR","@id":"https:\/\/www.nature-conservation-ubfc.com\/bewm\/fr\/seminaire-de-roberto-alonso-bosch\/#primaryimage","url":"https:\/\/www.nature-conservation-ubfc.com\/bewm\/wp-content\/uploads\/sites\/2\/2019\/10\/Peltophryne-florentinoi_calling-male.jpg","contentUrl":"https:\/\/www.nature-conservation-ubfc.com\/bewm\/wp-content\/uploads\/sites\/2\/2019\/10\/Peltophryne-florentinoi_calling-male.jpg","width":3504,"height":2336},{"@type":"BreadcrumbList","@id":"https:\/\/www.nature-conservation-ubfc.com\/bewm\/fr\/seminaire-de-roberto-alonso-bosch\/#breadcrumb","itemListElement":[{"@type":"ListItem","position":1,"name":"Accueil","item":"https:\/\/www.nature-conservation-ubfc.com\/bewm\/fr\/"},{"@type":"ListItem","position":2,"name":"S\u00e9minaire de Roberto Alonso-Bosch"}]},{"@type":"WebSite","@id":"https:\/\/www.nature-conservation-ubfc.com\/bewm\/#website","url":"https:\/\/www.nature-conservation-ubfc.com\/bewm\/","name":"BEWM","description":"","potentialAction":[{"@type":"SearchAction","target":{"@type":"EntryPoint","urlTemplate":"https:\/\/www.nature-conservation-ubfc.com\/bewm\/?s={search_term_string}"},"query-input":"required name=search_term_string"}],"inLanguage":"fr-FR"},{"@type":"Person","@id":"https:\/\/www.nature-conservation-ubfc.com\/bewm\/#\/schema\/person\/2b7c1c388908456d35d809123726f419","name":"fcezilly","image":{"@type":"ImageObject","inLanguage":"fr-FR","@id":"https:\/\/www.nature-conservation-ubfc.com\/bewm\/#\/schema\/person\/image\/","url":"https:\/\/secure.gravatar.com\/avatar\/eeb8b12785d6874d369c6a224a4f21e3?s=96&d=mm&r=g","contentUrl":"https:\/\/secure.gravatar.com\/avatar\/eeb8b12785d6874d369c6a224a4f21e3?s=96&d=mm&r=g","caption":"fcezilly"},"url":"https:\/\/www.nature-conservation-ubfc.com\/bewm\/author\/fcezilly\/"}]}},"_links":{"self":[{"href":"https:\/\/www.nature-conservation-ubfc.com\/bewm\/wp-json\/wp\/v2\/posts\/1560"}],"collection":[{"href":"https:\/\/www.nature-conservation-ubfc.com\/bewm\/wp-json\/wp\/v2\/posts"}],"about":[{"href":"https:\/\/www.nature-conservation-ubfc.com\/bewm\/wp-json\/wp\/v2\/types\/post"}],"author":[{"embeddable":true,"href":"https:\/\/www.nature-conservation-ubfc.com\/bewm\/wp-json\/wp\/v2\/users\/3"}],"replies":[{"embeddable":true,"href":"https:\/\/www.nature-conservation-ubfc.com\/bewm\/wp-json\/wp\/v2\/comments?post=1560"}],"version-history":[{"count":1,"href":"https:\/\/www.nature-conservation-ubfc.com\/bewm\/wp-json\/wp\/v2\/posts\/1560\/revisions"}],"predecessor-version":[{"id":1562,"href":"https:\/\/www.nature-conservation-ubfc.com\/bewm\/wp-json\/wp\/v2\/posts\/1560\/revisions\/1562"}],"wp:featuredmedia":[{"embeddable":true,"href":"https:\/\/www.nature-conservation-ubfc.com\/bewm\/wp-json\/wp\/v2\/media\/1611"}],"wp:attachment":[{"href":"https:\/\/www.nature-conservation-ubfc.com\/bewm\/wp-json\/wp\/v2\/media?parent=1560"}],"wp:term":[{"taxonomy":"category","embeddable":true,"href":"https:\/\/www.nature-conservation-ubfc.com\/bewm\/wp-json\/wp\/v2\/categories?post=1560"},{"taxonomy":"post_tag","embeddable":true,"href":"https:\/\/www.nature-conservation-ubfc.com\/bewm\/wp-json\/wp\/v2\/tags?post=1560"}],"curies":[{"name":"wp","href":"https:\/\/api.w.org\/{rel}","templated":true}]}}