{"id":1539,"date":"2019-10-02T09:26:44","date_gmt":"2019-10-02T07:26:44","guid":{"rendered":"https:\/\/www.nature-conservation-ubfc.com\/bewm\/?p=1539"},"modified":"2019-10-02T10:14:55","modified_gmt":"2019-10-02T08:14:55","slug":"seminaire-de-josabel-belliure","status":"publish","type":"post","link":"https:\/\/www.nature-conservation-ubfc.com\/bewm\/fr\/seminaire-de-josabel-belliure\/","title":{"rendered":"S\u00e9minaire de Josabel Belliure"},"content":{"rendered":"<p><strong>\u00ab Behavioral and evolutionary approaches for animal conservation in Cuba \u00bb<\/strong>\u00a0Josabel Belliure, vendredi 11 octobre 2019 \u00e0 11h, amphi Monge<\/p>\n<p>Conservation of the native fauna of Latin America is complex in global terms due to the great diversity of species, the scarcity of biological information for many of them, and the complexity of the ecosystems that sustain them; and we have to add multiple factors of social and economic order. Therefore, wildlife is widely used but poorly managed nowadays in the region. To improve the biological knowledge about emblematic species of the Cuban Archipelago for conservation decisions, we studied several ecological aspects of the Cuban Rock Iguana\u00a0(<em>Cyclura nubila<\/em>),\u00a0the Cuban\u00a0Hutia (<em>Capromys <\/em><em>pilorides<\/em>), the\u00a0American Crocodile\u00a0(<em>Crocodylus acutus<\/em>), and the Cuban Crocodile (<em>C. rhombifer<\/em>) in different populations of the main island and cays of the Cuban\u00a0Archipelago. Morphological traits, reproductive behavior, and life habits were considered in the study. We found local singularities in several morphological\/behavioral aspects of the Iguana and the Hutia from different populations, and suggest adopting the\u00a0\u201cEvolutionary Significance Unit\u201d approach, that gives conservation value to populations that\u00a0presumably show adaptive differentiation, to define the appropriate geographic scale for monitoring and management of the species. We also described several aspects of the reproductive behavior of both\u00a0crocodilian species that could be considered for conservation measures, both\u00a0<em>in situ<\/em>\u00a0and\u00a0<em>ex situ.\u00a0<\/em>Overall, these experiences aim to highlight the importance of behavioral studies and the evolutionary perspective as sources of valuable information to set priorities for wildlife management and conservation actions.<\/p>\n<p>Dr Josabel Belliure<\/p>\n<p>Universidad de Alcal\u00e1, Madrid, Spain<\/p>\n","protected":false},"excerpt":{"rendered":"<p>\u00ab Behavioral and evolutionary approaches for animal conservation in Cuba \u00bb\u00a0Josabel Belliure, vendredi 11 octobre 2019 \u00e0 11h, amphi Monge Conservation of the native fauna of Latin America is complex in global terms due to the great diversity of species, the scarcity of biological information for many of them, and the complexity of the ecosystems [&hellip;]<\/p>\n","protected":false},"author":3,"featured_media":1540,"comment_status":"closed","ping_status":"closed","sticky":false,"template":"","format":"standard","meta":{"_et_pb_use_builder":"","_et_pb_old_content":"","_et_gb_content_width":"","footnotes":""},"categories":[18],"tags":[],"yoast_head":"<!-- This site is optimized with the Yoast SEO plugin v22.8 - https:\/\/yoast.com\/wordpress\/plugins\/seo\/ -->\n<title>S\u00e9minaire de Josabel Belliure - BEWM<\/title>\n<meta name=\"robots\" content=\"index, follow, max-snippet:-1, max-image-preview:large, max-video-preview:-1\" \/>\n<link rel=\"canonical\" href=\"https:\/\/www.nature-conservation-ubfc.com\/bewm\/fr\/seminaire-de-josabel-belliure\/\" \/>\n<meta property=\"og:locale\" content=\"fr_FR\" \/>\n<meta property=\"og:type\" content=\"article\" \/>\n<meta property=\"og:title\" content=\"S\u00e9minaire de Josabel Belliure - BEWM\" \/>\n<meta property=\"og:description\" content=\"\u00ab Behavioral and evolutionary approaches for animal conservation in Cuba \u00bb\u00a0Josabel Belliure, vendredi 11 octobre 2019 \u00e0 11h, amphi Monge Conservation of the native fauna of Latin America is complex in global terms due to the great diversity of species, the scarcity of biological information for many of them, and the complexity of the ecosystems [&hellip;]\" \/>\n<meta property=\"og:url\" content=\"https:\/\/www.nature-conservation-ubfc.com\/bewm\/fr\/seminaire-de-josabel-belliure\/\" \/>\n<meta property=\"og:site_name\" content=\"BEWM\" \/>\n<meta property=\"article:published_time\" content=\"2019-10-02T07:26:44+00:00\" \/>\n<meta property=\"article:modified_time\" content=\"2019-10-02T08:14:55+00:00\" \/>\n<meta property=\"og:image\" content=\"https:\/\/www.nature-conservation-ubfc.com\/bewm\/wp-content\/uploads\/sites\/2\/2019\/10\/868153F9-DA13-4DAF-99D18CE4C298161F_source.jpg\" \/>\n\t<meta property=\"og:image:width\" content=\"3600\" \/>\n\t<meta property=\"og:image:height\" content=\"2397\" \/>\n\t<meta property=\"og:image:type\" content=\"image\/jpeg\" \/>\n<meta name=\"author\" content=\"fcezilly\" \/>\n<meta name=\"twitter:card\" content=\"summary_large_image\" \/>\n<meta name=\"twitter:label1\" content=\"\u00c9crit par\" \/>\n\t<meta name=\"twitter:data1\" content=\"fcezilly\" \/>\n\t<meta name=\"twitter:label2\" content=\"Dur\u00e9e de lecture estim\u00e9e\" \/>\n\t<meta name=\"twitter:data2\" content=\"1 minute\" \/>\n<script type=\"application\/ld+json\" class=\"yoast-schema-graph\">{\"@context\":\"https:\/\/schema.org\",\"@graph\":[{\"@type\":\"WebPage\",\"@id\":\"https:\/\/www.nature-conservation-ubfc.com\/bewm\/fr\/seminaire-de-josabel-belliure\/\",\"url\":\"https:\/\/www.nature-conservation-ubfc.com\/bewm\/fr\/seminaire-de-josabel-belliure\/\",\"name\":\"S\u00e9minaire de Josabel Belliure - BEWM\",\"isPartOf\":{\"@id\":\"https:\/\/www.nature-conservation-ubfc.com\/bewm\/#website\"},\"primaryImageOfPage\":{\"@id\":\"https:\/\/www.nature-conservation-ubfc.com\/bewm\/fr\/seminaire-de-josabel-belliure\/#primaryimage\"},\"image\":{\"@id\":\"https:\/\/www.nature-conservation-ubfc.com\/bewm\/fr\/seminaire-de-josabel-belliure\/#primaryimage\"},\"thumbnailUrl\":\"https:\/\/www.nature-conservation-ubfc.com\/bewm\/wp-content\/uploads\/sites\/2\/2019\/10\/868153F9-DA13-4DAF-99D18CE4C298161F_source.jpg\",\"datePublished\":\"2019-10-02T07:26:44+00:00\",\"dateModified\":\"2019-10-02T08:14:55+00:00\",\"author\":{\"@id\":\"https:\/\/www.nature-conservation-ubfc.com\/bewm\/#\/schema\/person\/2b7c1c388908456d35d809123726f419\"},\"breadcrumb\":{\"@id\":\"https:\/\/www.nature-conservation-ubfc.com\/bewm\/fr\/seminaire-de-josabel-belliure\/#breadcrumb\"},\"inLanguage\":\"fr-FR\",\"potentialAction\":[{\"@type\":\"ReadAction\",\"target\":[\"https:\/\/www.nature-conservation-ubfc.com\/bewm\/fr\/seminaire-de-josabel-belliure\/\"]}]},{\"@type\":\"ImageObject\",\"inLanguage\":\"fr-FR\",\"@id\":\"https:\/\/www.nature-conservation-ubfc.com\/bewm\/fr\/seminaire-de-josabel-belliure\/#primaryimage\",\"url\":\"https:\/\/www.nature-conservation-ubfc.com\/bewm\/wp-content\/uploads\/sites\/2\/2019\/10\/868153F9-DA13-4DAF-99D18CE4C298161F_source.jpg\",\"contentUrl\":\"https:\/\/www.nature-conservation-ubfc.com\/bewm\/wp-content\/uploads\/sites\/2\/2019\/10\/868153F9-DA13-4DAF-99D18CE4C298161F_source.jpg\",\"width\":3600,\"height\":2397},{\"@type\":\"BreadcrumbList\",\"@id\":\"https:\/\/www.nature-conservation-ubfc.com\/bewm\/fr\/seminaire-de-josabel-belliure\/#breadcrumb\",\"itemListElement\":[{\"@type\":\"ListItem\",\"position\":1,\"name\":\"Accueil\",\"item\":\"https:\/\/www.nature-conservation-ubfc.com\/bewm\/fr\/\"},{\"@type\":\"ListItem\",\"position\":2,\"name\":\"S\u00e9minaire de Josabel Belliure\"}]},{\"@type\":\"WebSite\",\"@id\":\"https:\/\/www.nature-conservation-ubfc.com\/bewm\/#website\",\"url\":\"https:\/\/www.nature-conservation-ubfc.com\/bewm\/\",\"name\":\"BEWM\",\"description\":\"\",\"potentialAction\":[{\"@type\":\"SearchAction\",\"target\":{\"@type\":\"EntryPoint\",\"urlTemplate\":\"https:\/\/www.nature-conservation-ubfc.com\/bewm\/?s={search_term_string}\"},\"query-input\":\"required name=search_term_string\"}],\"inLanguage\":\"fr-FR\"},{\"@type\":\"Person\",\"@id\":\"https:\/\/www.nature-conservation-ubfc.com\/bewm\/#\/schema\/person\/2b7c1c388908456d35d809123726f419\",\"name\":\"fcezilly\",\"image\":{\"@type\":\"ImageObject\",\"inLanguage\":\"fr-FR\",\"@id\":\"https:\/\/www.nature-conservation-ubfc.com\/bewm\/#\/schema\/person\/image\/\",\"url\":\"https:\/\/secure.gravatar.com\/avatar\/eeb8b12785d6874d369c6a224a4f21e3?s=96&d=mm&r=g\",\"contentUrl\":\"https:\/\/secure.gravatar.com\/avatar\/eeb8b12785d6874d369c6a224a4f21e3?s=96&d=mm&r=g\",\"caption\":\"fcezilly\"},\"url\":\"https:\/\/www.nature-conservation-ubfc.com\/bewm\/author\/fcezilly\/\"}]}<\/script>\n<!-- \/ Yoast SEO plugin. -->","yoast_head_json":{"title":"S\u00e9minaire de Josabel Belliure - BEWM","robots":{"index":"index","follow":"follow","max-snippet":"max-snippet:-1","max-image-preview":"max-image-preview:large","max-video-preview":"max-video-preview:-1"},"canonical":"https:\/\/www.nature-conservation-ubfc.com\/bewm\/fr\/seminaire-de-josabel-belliure\/","og_locale":"fr_FR","og_type":"article","og_title":"S\u00e9minaire de Josabel Belliure - BEWM","og_description":"\u00ab Behavioral and evolutionary approaches for animal conservation in Cuba \u00bb\u00a0Josabel Belliure, vendredi 11 octobre 2019 \u00e0 11h, amphi Monge Conservation of the native fauna of Latin America is complex in global terms due to the great diversity of species, the scarcity of biological information for many of them, and the complexity of the ecosystems [&hellip;]","og_url":"https:\/\/www.nature-conservation-ubfc.com\/bewm\/fr\/seminaire-de-josabel-belliure\/","og_site_name":"BEWM","article_published_time":"2019-10-02T07:26:44+00:00","article_modified_time":"2019-10-02T08:14:55+00:00","og_image":[{"width":3600,"height":2397,"url":"https:\/\/www.nature-conservation-ubfc.com\/bewm\/wp-content\/uploads\/sites\/2\/2019\/10\/868153F9-DA13-4DAF-99D18CE4C298161F_source.jpg","type":"image\/jpeg"}],"author":"fcezilly","twitter_card":"summary_large_image","twitter_misc":{"\u00c9crit par":"fcezilly","Dur\u00e9e de lecture estim\u00e9e":"1 minute"},"schema":{"@context":"https:\/\/schema.org","@graph":[{"@type":"WebPage","@id":"https:\/\/www.nature-conservation-ubfc.com\/bewm\/fr\/seminaire-de-josabel-belliure\/","url":"https:\/\/www.nature-conservation-ubfc.com\/bewm\/fr\/seminaire-de-josabel-belliure\/","name":"S\u00e9minaire de Josabel Belliure - BEWM","isPartOf":{"@id":"https:\/\/www.nature-conservation-ubfc.com\/bewm\/#website"},"primaryImageOfPage":{"@id":"https:\/\/www.nature-conservation-ubfc.com\/bewm\/fr\/seminaire-de-josabel-belliure\/#primaryimage"},"image":{"@id":"https:\/\/www.nature-conservation-ubfc.com\/bewm\/fr\/seminaire-de-josabel-belliure\/#primaryimage"},"thumbnailUrl":"https:\/\/www.nature-conservation-ubfc.com\/bewm\/wp-content\/uploads\/sites\/2\/2019\/10\/868153F9-DA13-4DAF-99D18CE4C298161F_source.jpg","datePublished":"2019-10-02T07:26:44+00:00","dateModified":"2019-10-02T08:14:55+00:00","author":{"@id":"https:\/\/www.nature-conservation-ubfc.com\/bewm\/#\/schema\/person\/2b7c1c388908456d35d809123726f419"},"breadcrumb":{"@id":"https:\/\/www.nature-conservation-ubfc.com\/bewm\/fr\/seminaire-de-josabel-belliure\/#breadcrumb"},"inLanguage":"fr-FR","potentialAction":[{"@type":"ReadAction","target":["https:\/\/www.nature-conservation-ubfc.com\/bewm\/fr\/seminaire-de-josabel-belliure\/"]}]},{"@type":"ImageObject","inLanguage":"fr-FR","@id":"https:\/\/www.nature-conservation-ubfc.com\/bewm\/fr\/seminaire-de-josabel-belliure\/#primaryimage","url":"https:\/\/www.nature-conservation-ubfc.com\/bewm\/wp-content\/uploads\/sites\/2\/2019\/10\/868153F9-DA13-4DAF-99D18CE4C298161F_source.jpg","contentUrl":"https:\/\/www.nature-conservation-ubfc.com\/bewm\/wp-content\/uploads\/sites\/2\/2019\/10\/868153F9-DA13-4DAF-99D18CE4C298161F_source.jpg","width":3600,"height":2397},{"@type":"BreadcrumbList","@id":"https:\/\/www.nature-conservation-ubfc.com\/bewm\/fr\/seminaire-de-josabel-belliure\/#breadcrumb","itemListElement":[{"@type":"ListItem","position":1,"name":"Accueil","item":"https:\/\/www.nature-conservation-ubfc.com\/bewm\/fr\/"},{"@type":"ListItem","position":2,"name":"S\u00e9minaire de Josabel Belliure"}]},{"@type":"WebSite","@id":"https:\/\/www.nature-conservation-ubfc.com\/bewm\/#website","url":"https:\/\/www.nature-conservation-ubfc.com\/bewm\/","name":"BEWM","description":"","potentialAction":[{"@type":"SearchAction","target":{"@type":"EntryPoint","urlTemplate":"https:\/\/www.nature-conservation-ubfc.com\/bewm\/?s={search_term_string}"},"query-input":"required name=search_term_string"}],"inLanguage":"fr-FR"},{"@type":"Person","@id":"https:\/\/www.nature-conservation-ubfc.com\/bewm\/#\/schema\/person\/2b7c1c388908456d35d809123726f419","name":"fcezilly","image":{"@type":"ImageObject","inLanguage":"fr-FR","@id":"https:\/\/www.nature-conservation-ubfc.com\/bewm\/#\/schema\/person\/image\/","url":"https:\/\/secure.gravatar.com\/avatar\/eeb8b12785d6874d369c6a224a4f21e3?s=96&d=mm&r=g","contentUrl":"https:\/\/secure.gravatar.com\/avatar\/eeb8b12785d6874d369c6a224a4f21e3?s=96&d=mm&r=g","caption":"fcezilly"},"url":"https:\/\/www.nature-conservation-ubfc.com\/bewm\/author\/fcezilly\/"}]}},"_links":{"self":[{"href":"https:\/\/www.nature-conservation-ubfc.com\/bewm\/wp-json\/wp\/v2\/posts\/1539"}],"collection":[{"href":"https:\/\/www.nature-conservation-ubfc.com\/bewm\/wp-json\/wp\/v2\/posts"}],"about":[{"href":"https:\/\/www.nature-conservation-ubfc.com\/bewm\/wp-json\/wp\/v2\/types\/post"}],"author":[{"embeddable":true,"href":"https:\/\/www.nature-conservation-ubfc.com\/bewm\/wp-json\/wp\/v2\/users\/3"}],"replies":[{"embeddable":true,"href":"https:\/\/www.nature-conservation-ubfc.com\/bewm\/wp-json\/wp\/v2\/comments?post=1539"}],"version-history":[{"count":4,"href":"https:\/\/www.nature-conservation-ubfc.com\/bewm\/wp-json\/wp\/v2\/posts\/1539\/revisions"}],"predecessor-version":[{"id":1549,"href":"https:\/\/www.nature-conservation-ubfc.com\/bewm\/wp-json\/wp\/v2\/posts\/1539\/revisions\/1549"}],"wp:featuredmedia":[{"embeddable":true,"href":"https:\/\/www.nature-conservation-ubfc.com\/bewm\/wp-json\/wp\/v2\/media\/1540"}],"wp:attachment":[{"href":"https:\/\/www.nature-conservation-ubfc.com\/bewm\/wp-json\/wp\/v2\/media?parent=1539"}],"wp:term":[{"taxonomy":"category","embeddable":true,"href":"https:\/\/www.nature-conservation-ubfc.com\/bewm\/wp-json\/wp\/v2\/categories?post=1539"},{"taxonomy":"post_tag","embeddable":true,"href":"https:\/\/www.nature-conservation-ubfc.com\/bewm\/wp-json\/wp\/v2\/tags?post=1539"}],"curies":[{"name":"wp","href":"https:\/\/api.w.org\/{rel}","templated":true}]}}