{"id":1431,"date":"2018-11-22T11:17:31","date_gmt":"2018-11-22T10:17:31","guid":{"rendered":"https:\/\/www.nature-conservation-ubfc.com\/bewm\/?p=1431"},"modified":"2020-03-10T17:19:18","modified_gmt":"2020-03-10T16:19:18","slug":"jura-field-trip","status":"publish","type":"post","link":"https:\/\/www.nature-conservation-ubfc.com\/bewm\/fr\/jura-field-trip\/","title":{"rendered":"Jura field trip"},"content":{"rendered":"<p>[et_pb_section admin_label=\u00a0\u00bbsection\u00a0\u00bb]<br \/>\n\t\t[et_pb_row admin_label=\u00a0\u00bbrow\u00a0\u00bb]<br \/>\n\t\t\t[et_pb_column type=\u00a0\u00bb4_4&Prime;]<br \/>\n\t\t\t\t[et_pb_text admin_label=\u00a0\u00bbText\u00a0\u00bb]<\/p>\n<p style=\"text-align: justify\">This 3-day-field trip in French and Swiss Jura aims at meeting ex situ conservation professionnals and, through these meetings, to develop a critical thinking about its pros and its limits. The visits at \u00ab\u00a0Parc Polaire\u00a0\u00bb and \u00ab\u00a0zoo de la Garenne\u00a0\u00bb illustrated those missions of communication, education and protection of the European fauna (sometimes for reintroduction purposes). The conferences and the visit of the infrastructures in \u00ab\u00a0Maison de la rivi\u00e8re\u00a0\u00bb in Morges allowed us to discover an original structure mixing academic research, experimental workshop and general public communication on aquatic\u00a0and terrestrial environment.<\/p>\n<table class=\"wp-list-table widefat fixed slideshowcks\">\n<tbody id=\"the-list\">\n<tr class=\"alternate\">\n<td class=\"post_shortcode column-post_shortcode\">\t\t<link href=\"https:\/\/www.nature-conservation-ubfc.com\/bewm\/wp-content\/plugins\/slideshow-ck\/themes\/default\/css\/camera.css\" rel=\"stylesheet\" type=\"text\/css\" \/>\n\t\t<style type=\"text\/css\">\n\t\t\t#camera_wrap_1420 .camera_pag_ul li img, #camera_wrap_1420 .camera_thumbs_cont ul li img {\n\t\t\t\theight:100px;\n\t\t\t\twidth: auto;\n\t\t\t}\n\t\t\t#camera_wrap_1420 .camera_caption {\n\t\t\t\tdisplay: block;\n\t\t\t\tposition: absolute;\n\t\t\t}\n\t\t\t#camera_wrap_1420 .camera_caption a.camera_caption_link {\n\t\t\t\tdisplay: block;\n\t\t\t\tposition: absolute;\n\t\t\t\tleft: 0;\n\t\t\t\tright: 0;\n\t\t\t\ttop: 0;\n\t\t\t\tbottom: 0;\n\t\t\t}\n\t\t\t#camera_wrap_1420 .camera_caption > div {\n\t\t\t\tbackground: #000000;\t\t\t}\n\t\t\t#camera_wrap_1420 .camera_caption div.camera_caption_title {\n\t\t\t\tfont-size: 18px;line-height: 18px;font-weight: normal;\t\t\t}\n\t\t\t#camera_wrap_1420 .camera_caption div.camera_caption_desc {\n\t\t\t\tfont-size: 12px;line-height: 12px;font-weight: normal;\t\t\t}\n\t\t<\/style>\n\t\t\t\t<div class=\"slideshowck camera_wrap camera_azure_skin\" id=\"camera_wrap_1420\">\n\t\t\t\t\t\t\t<div  data-thumb=\"https:\/\/www.nature-conservation-ubfc.com\/bewm\/wp-content\/uploads\/sites\/2\/2018\/11\/DSC_5577.jpg\" data-src=\"https:\/\/www.nature-conservation-ubfc.com\/bewm\/wp-content\/uploads\/sites\/2\/2018\/11\/DSC_5577.jpg\" data-link=\"https:\/\/www.nature-conservation-ubfc.com\/bewm\/wp-content\/uploads\/sites\/2\/2018\/11\/DSC_5577.jpg\" data-target=\"\" data-alignment=\"\">\n\t\t\t\t\t\t\t\t\t\t<\/div>\n\t\t\t\t\t\t\t<div  data-thumb=\"https:\/\/www.nature-conservation-ubfc.com\/bewm\/wp-content\/uploads\/sites\/2\/2018\/11\/33w3w3w.jpg\" data-src=\"https:\/\/www.nature-conservation-ubfc.com\/bewm\/wp-content\/uploads\/sites\/2\/2018\/11\/33w3w3w.jpg\" data-link=\"https:\/\/www.nature-conservation-ubfc.com\/bewm\/wp-content\/uploads\/sites\/2\/2018\/11\/33w3w3w.jpg\" data-target=\"\" data-alignment=\"\">\n\t\t\t\t\t\t\t\t\t\t<\/div>\n\t\t\t\t\t\t\t<div  data-thumb=\"https:\/\/www.nature-conservation-ubfc.com\/bewm\/wp-content\/uploads\/sites\/2\/2018\/11\/ss2s2s2s2s.jpg\" data-src=\"https:\/\/www.nature-conservation-ubfc.com\/bewm\/wp-content\/uploads\/sites\/2\/2018\/11\/ss2s2s2s2s.jpg\" data-link=\"https:\/\/www.nature-conservation-ubfc.com\/bewm\/wp-content\/uploads\/sites\/2\/2018\/11\/ss2s2s2s2s.jpg\" data-target=\"\" data-alignment=\"\">\n\t\t\t\t\t\t\t\t\t\t<\/div>\n\t\t\t\t\t\t\t<div  data-thumb=\"https:\/\/www.nature-conservation-ubfc.com\/bewm\/wp-content\/uploads\/sites\/2\/2018\/11\/z5d4z4.jpg\" data-src=\"https:\/\/www.nature-conservation-ubfc.com\/bewm\/wp-content\/uploads\/sites\/2\/2018\/11\/z5d4z4.jpg\" data-link=\"https:\/\/www.nature-conservation-ubfc.com\/bewm\/wp-content\/uploads\/sites\/2\/2018\/11\/z5d4z4.jpg\" data-target=\"\" data-alignment=\"\">\n\t\t\t\t\t\t\t\t\t\t<\/div>\n\t\t\t\t\t\t\t<div  data-thumb=\"https:\/\/www.nature-conservation-ubfc.com\/bewm\/wp-content\/uploads\/sites\/2\/2018\/11\/z8dz8d.jpg\" data-src=\"https:\/\/www.nature-conservation-ubfc.com\/bewm\/wp-content\/uploads\/sites\/2\/2018\/11\/z8dz8d.jpg\" data-link=\"https:\/\/www.nature-conservation-ubfc.com\/bewm\/wp-content\/uploads\/sites\/2\/2018\/11\/z8dz8d.jpg\" data-target=\"\" data-alignment=\"\">\n\t\t\t\t\t\t\t\t\t\t<\/div>\n\t\t\t\t\t\t\t<div  data-thumb=\"https:\/\/www.nature-conservation-ubfc.com\/bewm\/wp-content\/uploads\/sites\/2\/2018\/11\/bisons-parc-polaire.jpg\" data-src=\"https:\/\/www.nature-conservation-ubfc.com\/bewm\/wp-content\/uploads\/sites\/2\/2018\/11\/bisons-parc-polaire.jpg\" data-link=\"https:\/\/www.nature-conservation-ubfc.com\/bewm\/wp-content\/uploads\/sites\/2\/2018\/11\/bisons-parc-polaire.jpg\" data-target=\"\" data-alignment=\"\">\n\t\t\t\t\t\t\t\t\t\t<\/div>\n\t\t\t\t\t\t\t<div  data-thumb=\"https:\/\/www.nature-conservation-ubfc.com\/bewm\/wp-content\/uploads\/sites\/2\/2018\/11\/elan_parc-polaire2.jpg\" data-src=\"https:\/\/www.nature-conservation-ubfc.com\/bewm\/wp-content\/uploads\/sites\/2\/2018\/11\/elan_parc-polaire2.jpg\" data-link=\"https:\/\/www.nature-conservation-ubfc.com\/bewm\/wp-content\/uploads\/sites\/2\/2018\/11\/elan_parc-polaire2.jpg\" data-target=\"\" data-alignment=\"\">\n\t\t\t\t\t\t\t\t\t\t<\/div>\n\t\t\t\t\t\t\t<div  data-thumb=\"https:\/\/www.nature-conservation-ubfc.com\/bewm\/wp-content\/uploads\/sites\/2\/2018\/11\/groupe-2.jpg\" data-src=\"https:\/\/www.nature-conservation-ubfc.com\/bewm\/wp-content\/uploads\/sites\/2\/2018\/11\/groupe-2.jpg\" data-link=\"https:\/\/www.nature-conservation-ubfc.com\/bewm\/wp-content\/uploads\/sites\/2\/2018\/11\/groupe-2.jpg\" data-target=\"\" data-alignment=\"\">\n\t\t\t\t\t\t\t\t\t\t<\/div>\n\t\t\t\t\t\t\t<div  data-thumb=\"https:\/\/www.nature-conservation-ubfc.com\/bewm\/wp-content\/uploads\/sites\/2\/2018\/11\/maison-de-la-riviere.jpg\" data-src=\"https:\/\/www.nature-conservation-ubfc.com\/bewm\/wp-content\/uploads\/sites\/2\/2018\/11\/maison-de-la-riviere.jpg\" data-link=\"https:\/\/www.nature-conservation-ubfc.com\/bewm\/wp-content\/uploads\/sites\/2\/2018\/11\/maison-de-la-riviere.jpg\" data-target=\"\" data-alignment=\"\">\n\t\t\t\t\t\t\t\t\t\t<\/div>\n\t\t\t\t\t\t\t<div  data-thumb=\"https:\/\/www.nature-conservation-ubfc.com\/bewm\/wp-content\/uploads\/sites\/2\/2018\/11\/male-red-deer-parc-polaire.jpg\" data-src=\"https:\/\/www.nature-conservation-ubfc.com\/bewm\/wp-content\/uploads\/sites\/2\/2018\/11\/male-red-deer-parc-polaire.jpg\" data-link=\"https:\/\/www.nature-conservation-ubfc.com\/bewm\/wp-content\/uploads\/sites\/2\/2018\/11\/male-red-deer-parc-polaire.jpg\" data-target=\"\" data-alignment=\"\">\n\t\t\t\t\t\t\t\t\t\t<\/div>\n\t\t\t\t\t\t\t<div  data-thumb=\"https:\/\/www.nature-conservation-ubfc.com\/bewm\/wp-content\/uploads\/sites\/2\/2018\/11\/DSC_5524.jpg\" data-src=\"https:\/\/www.nature-conservation-ubfc.com\/bewm\/wp-content\/uploads\/sites\/2\/2018\/11\/DSC_5524.jpg\" data-link=\"https:\/\/www.nature-conservation-ubfc.com\/bewm\/wp-content\/uploads\/sites\/2\/2018\/11\/DSC_5524.jpg\" data-target=\"\" data-alignment=\"\">\n\t\t\t\t\t\t\t\t\t\t<\/div>\n\t\t\t\t\t<\/div>\n\t\t<div style=\"clear:both;\"><\/div>\n\t\t<\/td>\n<\/tr>\n<\/tbody>\n<\/table>\n<p>&nbsp;<br \/>\n\t\t\t\t[\/et_pb_text]<br \/>\n\t\t\t[\/et_pb_column]<br \/>\n\t\t[\/et_pb_row]<br \/>\n\t[\/et_pb_section]<\/p>\n","protected":false},"excerpt":{"rendered":"<p>This 3-day-field trip in French and Swiss Jura aims at meeting ex situ conservation professionnals and, through these meetings, to develop a critical thinking about its pros and its limits. The visits at \u00ab\u00a0Parc Polaire\u00a0\u00bb and \u00ab\u00a0zoo de la Garenne\u00a0\u00bb illustrated those missions of communication, education and protection of the European fauna (sometimes for reintroduction [&hellip;]<\/p>\n","protected":false},"author":3,"featured_media":0,"comment_status":"closed","ping_status":"closed","sticky":false,"template":"","format":"standard","meta":{"_et_pb_use_builder":"on","_et_pb_old_content":"<p style=\"text-align: justify\">This 3-day-field trip in French and Swiss Jura aims at meeting ex situ conservation professionnals and, through these meetings, to develop a critical thinking about its pros and its limits. The visits at \"Parc Polaire\" and \"zoo de la Garenne\" illustrated those missions of communication, education and protection of the European fauna (sometimes for reintroduction purposes). The conferences and the visit of the infrastructures in \"Maison de la rivi\u00e8re\" in Morges allowed us to discover an original structure mixing academic research, experimental workshop and general public communication on aquatic\u00a0and terrestrial environment.<\/p>\r\n\r\n<table class=\"wp-list-table widefat fixed slideshowcks\">\r\n<tbody id=\"the-list\">\r\n<tr class=\"alternate\">\r\n<td class=\"post_shortcode column-post_shortcode\">[slideshowck id=1420]<\/td>\r\n<\/tr>\r\n<\/tbody>\r\n<\/table>\r\n&nbsp;","_et_gb_content_width":"","footnotes":""},"categories":[73],"tags":[],"yoast_head":"<!-- This site is optimized with the Yoast SEO plugin v22.8 - https:\/\/yoast.com\/wordpress\/plugins\/seo\/ -->\n<title>Jura field trip - BEWM<\/title>\n<meta name=\"robots\" content=\"index, follow, max-snippet:-1, max-image-preview:large, max-video-preview:-1\" \/>\n<link rel=\"canonical\" href=\"https:\/\/www.nature-conservation-ubfc.com\/bewm\/fr\/jura-field-trip\/\" \/>\n<meta property=\"og:locale\" content=\"fr_FR\" \/>\n<meta property=\"og:type\" content=\"article\" \/>\n<meta property=\"og:title\" content=\"Jura field trip - BEWM\" \/>\n<meta property=\"og:description\" content=\"This 3-day-field trip in French and Swiss Jura aims at meeting ex situ conservation professionnals and, through these meetings, to develop a critical thinking about its pros and its limits. The visits at &quot;Parc Polaire&quot; and &quot;zoo de la Garenne&quot; illustrated those missions of communication, education and protection of the European fauna (sometimes for reintroduction [&hellip;]\" \/>\n<meta property=\"og:url\" content=\"https:\/\/www.nature-conservation-ubfc.com\/bewm\/fr\/jura-field-trip\/\" \/>\n<meta property=\"og:site_name\" content=\"BEWM\" \/>\n<meta property=\"article:published_time\" content=\"2018-11-22T10:17:31+00:00\" \/>\n<meta property=\"article:modified_time\" content=\"2020-03-10T16:19:18+00:00\" \/>\n<meta name=\"author\" content=\"fcezilly\" \/>\n<meta name=\"twitter:card\" content=\"summary_large_image\" \/>\n<meta name=\"twitter:label1\" content=\"\u00c9crit par\" \/>\n\t<meta name=\"twitter:data1\" content=\"fcezilly\" \/>\n\t<meta name=\"twitter:label2\" content=\"Dur\u00e9e de lecture estim\u00e9e\" \/>\n\t<meta name=\"twitter:data2\" content=\"1 minute\" \/>\n<script type=\"application\/ld+json\" class=\"yoast-schema-graph\">{\"@context\":\"https:\/\/schema.org\",\"@graph\":[{\"@type\":\"WebPage\",\"@id\":\"https:\/\/www.nature-conservation-ubfc.com\/bewm\/fr\/jura-field-trip\/\",\"url\":\"https:\/\/www.nature-conservation-ubfc.com\/bewm\/fr\/jura-field-trip\/\",\"name\":\"Jura field trip - BEWM\",\"isPartOf\":{\"@id\":\"https:\/\/www.nature-conservation-ubfc.com\/bewm\/#website\"},\"datePublished\":\"2018-11-22T10:17:31+00:00\",\"dateModified\":\"2020-03-10T16:19:18+00:00\",\"author\":{\"@id\":\"https:\/\/www.nature-conservation-ubfc.com\/bewm\/#\/schema\/person\/2b7c1c388908456d35d809123726f419\"},\"breadcrumb\":{\"@id\":\"https:\/\/www.nature-conservation-ubfc.com\/bewm\/fr\/jura-field-trip\/#breadcrumb\"},\"inLanguage\":\"fr-FR\",\"potentialAction\":[{\"@type\":\"ReadAction\",\"target\":[\"https:\/\/www.nature-conservation-ubfc.com\/bewm\/fr\/jura-field-trip\/\"]}]},{\"@type\":\"BreadcrumbList\",\"@id\":\"https:\/\/www.nature-conservation-ubfc.com\/bewm\/fr\/jura-field-trip\/#breadcrumb\",\"itemListElement\":[{\"@type\":\"ListItem\",\"position\":1,\"name\":\"Accueil\",\"item\":\"https:\/\/www.nature-conservation-ubfc.com\/bewm\/fr\/\"},{\"@type\":\"ListItem\",\"position\":2,\"name\":\"Jura field trip\"}]},{\"@type\":\"WebSite\",\"@id\":\"https:\/\/www.nature-conservation-ubfc.com\/bewm\/#website\",\"url\":\"https:\/\/www.nature-conservation-ubfc.com\/bewm\/\",\"name\":\"BEWM\",\"description\":\"\",\"potentialAction\":[{\"@type\":\"SearchAction\",\"target\":{\"@type\":\"EntryPoint\",\"urlTemplate\":\"https:\/\/www.nature-conservation-ubfc.com\/bewm\/?s={search_term_string}\"},\"query-input\":\"required name=search_term_string\"}],\"inLanguage\":\"fr-FR\"},{\"@type\":\"Person\",\"@id\":\"https:\/\/www.nature-conservation-ubfc.com\/bewm\/#\/schema\/person\/2b7c1c388908456d35d809123726f419\",\"name\":\"fcezilly\",\"image\":{\"@type\":\"ImageObject\",\"inLanguage\":\"fr-FR\",\"@id\":\"https:\/\/www.nature-conservation-ubfc.com\/bewm\/#\/schema\/person\/image\/\",\"url\":\"https:\/\/secure.gravatar.com\/avatar\/eeb8b12785d6874d369c6a224a4f21e3?s=96&d=mm&r=g\",\"contentUrl\":\"https:\/\/secure.gravatar.com\/avatar\/eeb8b12785d6874d369c6a224a4f21e3?s=96&d=mm&r=g\",\"caption\":\"fcezilly\"},\"url\":\"https:\/\/www.nature-conservation-ubfc.com\/bewm\/author\/fcezilly\/\"}]}<\/script>\n<!-- \/ Yoast SEO plugin. -->","yoast_head_json":{"title":"Jura field trip - BEWM","robots":{"index":"index","follow":"follow","max-snippet":"max-snippet:-1","max-image-preview":"max-image-preview:large","max-video-preview":"max-video-preview:-1"},"canonical":"https:\/\/www.nature-conservation-ubfc.com\/bewm\/fr\/jura-field-trip\/","og_locale":"fr_FR","og_type":"article","og_title":"Jura field trip - BEWM","og_description":"This 3-day-field trip in French and Swiss Jura aims at meeting ex situ conservation professionnals and, through these meetings, to develop a critical thinking about its pros and its limits. The visits at \"Parc Polaire\" and \"zoo de la Garenne\" illustrated those missions of communication, education and protection of the European fauna (sometimes for reintroduction [&hellip;]","og_url":"https:\/\/www.nature-conservation-ubfc.com\/bewm\/fr\/jura-field-trip\/","og_site_name":"BEWM","article_published_time":"2018-11-22T10:17:31+00:00","article_modified_time":"2020-03-10T16:19:18+00:00","author":"fcezilly","twitter_card":"summary_large_image","twitter_misc":{"\u00c9crit par":"fcezilly","Dur\u00e9e de lecture estim\u00e9e":"1 minute"},"schema":{"@context":"https:\/\/schema.org","@graph":[{"@type":"WebPage","@id":"https:\/\/www.nature-conservation-ubfc.com\/bewm\/fr\/jura-field-trip\/","url":"https:\/\/www.nature-conservation-ubfc.com\/bewm\/fr\/jura-field-trip\/","name":"Jura field trip - BEWM","isPartOf":{"@id":"https:\/\/www.nature-conservation-ubfc.com\/bewm\/#website"},"datePublished":"2018-11-22T10:17:31+00:00","dateModified":"2020-03-10T16:19:18+00:00","author":{"@id":"https:\/\/www.nature-conservation-ubfc.com\/bewm\/#\/schema\/person\/2b7c1c388908456d35d809123726f419"},"breadcrumb":{"@id":"https:\/\/www.nature-conservation-ubfc.com\/bewm\/fr\/jura-field-trip\/#breadcrumb"},"inLanguage":"fr-FR","potentialAction":[{"@type":"ReadAction","target":["https:\/\/www.nature-conservation-ubfc.com\/bewm\/fr\/jura-field-trip\/"]}]},{"@type":"BreadcrumbList","@id":"https:\/\/www.nature-conservation-ubfc.com\/bewm\/fr\/jura-field-trip\/#breadcrumb","itemListElement":[{"@type":"ListItem","position":1,"name":"Accueil","item":"https:\/\/www.nature-conservation-ubfc.com\/bewm\/fr\/"},{"@type":"ListItem","position":2,"name":"Jura field trip"}]},{"@type":"WebSite","@id":"https:\/\/www.nature-conservation-ubfc.com\/bewm\/#website","url":"https:\/\/www.nature-conservation-ubfc.com\/bewm\/","name":"BEWM","description":"","potentialAction":[{"@type":"SearchAction","target":{"@type":"EntryPoint","urlTemplate":"https:\/\/www.nature-conservation-ubfc.com\/bewm\/?s={search_term_string}"},"query-input":"required name=search_term_string"}],"inLanguage":"fr-FR"},{"@type":"Person","@id":"https:\/\/www.nature-conservation-ubfc.com\/bewm\/#\/schema\/person\/2b7c1c388908456d35d809123726f419","name":"fcezilly","image":{"@type":"ImageObject","inLanguage":"fr-FR","@id":"https:\/\/www.nature-conservation-ubfc.com\/bewm\/#\/schema\/person\/image\/","url":"https:\/\/secure.gravatar.com\/avatar\/eeb8b12785d6874d369c6a224a4f21e3?s=96&d=mm&r=g","contentUrl":"https:\/\/secure.gravatar.com\/avatar\/eeb8b12785d6874d369c6a224a4f21e3?s=96&d=mm&r=g","caption":"fcezilly"},"url":"https:\/\/www.nature-conservation-ubfc.com\/bewm\/author\/fcezilly\/"}]}},"_links":{"self":[{"href":"https:\/\/www.nature-conservation-ubfc.com\/bewm\/wp-json\/wp\/v2\/posts\/1431"}],"collection":[{"href":"https:\/\/www.nature-conservation-ubfc.com\/bewm\/wp-json\/wp\/v2\/posts"}],"about":[{"href":"https:\/\/www.nature-conservation-ubfc.com\/bewm\/wp-json\/wp\/v2\/types\/post"}],"author":[{"embeddable":true,"href":"https:\/\/www.nature-conservation-ubfc.com\/bewm\/wp-json\/wp\/v2\/users\/3"}],"replies":[{"embeddable":true,"href":"https:\/\/www.nature-conservation-ubfc.com\/bewm\/wp-json\/wp\/v2\/comments?post=1431"}],"version-history":[{"count":4,"href":"https:\/\/www.nature-conservation-ubfc.com\/bewm\/wp-json\/wp\/v2\/posts\/1431\/revisions"}],"predecessor-version":[{"id":1672,"href":"https:\/\/www.nature-conservation-ubfc.com\/bewm\/wp-json\/wp\/v2\/posts\/1431\/revisions\/1672"}],"wp:attachment":[{"href":"https:\/\/www.nature-conservation-ubfc.com\/bewm\/wp-json\/wp\/v2\/media?parent=1431"}],"wp:term":[{"taxonomy":"category","embeddable":true,"href":"https:\/\/www.nature-conservation-ubfc.com\/bewm\/wp-json\/wp\/v2\/categories?post=1431"},{"taxonomy":"post_tag","embeddable":true,"href":"https:\/\/www.nature-conservation-ubfc.com\/bewm\/wp-json\/wp\/v2\/tags?post=1431"}],"curies":[{"name":"wp","href":"https:\/\/api.w.org\/{rel}","templated":true}]}}